{"id":92187,"date":"2018-02-20T17:38:49","date_gmt":"2018-02-20T20:38:49","guid":{"rendered":"http:\/\/diarioregionaljf.com.br\/2018\/02\/20\/hexacampeao-mundial-sandro-dias-o-mineirinho-visita-projeto-academia-do-skate-em-juiz-de-fora\/"},"modified":"2018-02-20T17:38:49","modified_gmt":"2018-02-20T20:38:49","slug":"hexacampeao-mundial-sandro-dias-o-mineirinho-visita-projeto-academia-do-skate-em-juiz-de-fora","status":"publish","type":"post","link":"https:\/\/diarioregionaldigital.com.br\/?p=92187","title":{"rendered":"Hexacampe\u00e3o mundial Sandro Dias, o \u201cmineirinho\u201d, visita projeto Academia do Skate em Juiz de Fora"},"content":{"rendered":"<p>O hexacampe\u00e3o mundial de skate Sandro Dias, o &#8220;Mineirinho&#8221;, chega a Juiz de Fora, nesta quinta-feira, 22, para uma visita ao projeto Academia do Skate, que est\u00e1 com uma pista montada no&nbsp;Shopping Jardim Norte. Mineirinho \u00e9 padrinho da iniciativa, que oferece aulas e palestras gratuitas sobre o esporte. Em sua visita a Juiz de Fora, o atleta vai participar de um bate-papo com os alunos, atender \u00e0 imprensa e, claro, mostrar um pouco do talento que lhe rendeu seis t\u00edtulos pela World Cup Skateboarding (2003, 2004, 2005, 2006, 2007 e 2011), tr\u00eas pelo campeonato europeu (2001, 2003 e 2005) e a medalha de ouro dos X-Games de Los Angeles (2006). A visita de Mineirinho \u00e0 mini-ramp montada na entrada principal do Shopping Jardim Norte acontece das 13h30 \u00e0s 17h. O evento \u00e9 gratuito e aberto a todos os interessados, mediante preenchimento de uma ficha de inscri\u00e7\u00e3o, no local, por ordem de chegada.<\/p>\n<p>O projeto Academia do Skate permanece no Shopping Jardim Norte at\u00e9 o dia 18 de mar\u00e7o. A iniciativa tem o objetivo de divulgar as t\u00e9cnicas e fundamentos do skate, democratizando o acesso ao esporte e descobrindo novos talentos.&nbsp;A mini-ramp de MDF montada na entrada principal do shopping permite mesclar duas das mais populares modalidades: street e vertical. Instrutores capacitados ficam \u00e0 disposi\u00e7\u00e3o das crian\u00e7as e jovens de 2 a 17 anos de idade que queiram aprender ou aprimorar a pr\u00e1tica. Para participar, \u00e9 s\u00f3 chegar e preencher na hora a ficha de inscri\u00e7\u00e3o, tudo de forma gratuita. Menores de idade devem estar acompanhados dos pais ou algum respons\u00e1vel para assinar o documento de inscri\u00e7\u00e3o. Cada oficina dura 30 minutos, e cada crian\u00e7a pode participar de at\u00e9 duas aulas por dia. A pista funciona de ter\u00e7a a domingo, das 10h \u00e0s 22h. Escolas interessadas em levar grupos de alunos ao projeto podem fazer o agendamento diretamente no local.<\/p>\n<p>N\u00e3o \u00e9 preciso ter skate para participar, porque a Academia do Skate tem toda infraestrutura de equipamento para empr\u00e9stimo aos interessados em conhecer um pouco mais deste mundo sobre rodas. Ao final da sua passagem por Juiz Fora, a Academia do Skate ainda organizar\u00e1 uma competi\u00e7\u00e3o interna nas categorias infantil e mirim, no dia 3 de mar\u00e7o (s\u00e1bado); e iniciante, feminino e amador, no dia 4 de mar\u00e7o (domingo), com a distribui\u00e7\u00e3o de vales-compra da Riachuelo, patrocinadora do projeto.&nbsp;<\/p>\n<p>Juiz de Fora \u00e9 a primeira cidade da Zona da Mata a receber a Academia do Skate, viabilizada pela Secretaria de Estado de Esportes (SEESP), por meio da Lei Estadual de Incentivo ao Esporte. O projeto \u00e9 organizado pela Associa\u00e7\u00e3o Natividade, que captou recursos oriundos da dedu\u00e7\u00e3o fiscal do Governo de Minas Gerais junto \u00e0 Riachuelo. Depois de Juiz de Fora, o projeto segue para Pouso Alegre, no Sul de Minas.<\/p>\n<p><strong>Academia do Skate<\/strong><\/p>\n<p>Funcionamento: de ter\u00e7a a s\u00e1bado, das 10h \u00e0s 20h, e domingo das 14h \u00e0s 20h.<\/p>\n<p>Local: Shopping Jardim Norte&nbsp;(Av. Brasil, 6345, Mariano Proc\u00f3pio, Juiz de Fora)<\/p>\n<p>Atividades gratuitas: Aulas supervisionadas com instrutores e palestras<\/p>\n<p>Per\u00edodo: at\u00e9 18 de mar\u00e7o de 2018<\/p>\n<p>Mais informa\u00e7\u00f5es:&nbsp;<a href=\"http:\/\/www.natividade.esp.br\/\">www.natividade.esp.br<\/a>&nbsp;&nbsp;<\/p>\n<p><strong>Fonte: &nbsp;Assessoria de Imprensa\/Shopping &nbsp;Jardim Norte<\/strong><\/p>\n","protected":false},"excerpt":{"rendered":"<p>O hexacampe\u00e3o mundial de skate Sandro Dias, o &#8220;Mineirinho&#8221;, chega a Juiz de Fora, nesta quinta-feira, 22, para uma visita ao projeto Academia do Skate, que est\u00e1 com uma pista montada no&nbsp;Shopping Jardim Norte. Mineirinho \u00e9 padrinho da iniciativa, que oferece aulas e palestras gratuitas sobre o esporte. Em sua visita a Juiz de Fora, [&hellip;]<\/p>\n","protected":false},"author":96,"featured_media":92186,"comment_status":"closed","ping_status":"closed","sticky":false,"template":"","format":"standard","meta":{"footnotes":""},"categories":[257],"tags":[],"class_list":["post-92187","post","type-post","status-publish","format-standard","has-post-thumbnail","hentry","category-esporte"],"_links":{"self":[{"href":"https:\/\/diarioregionaldigital.com.br\/index.php?rest_route=\/wp\/v2\/posts\/92187","targetHints":{"allow":["GET"]}}],"collection":[{"href":"https:\/\/diarioregionaldigital.com.br\/index.php?rest_route=\/wp\/v2\/posts"}],"about":[{"href":"https:\/\/diarioregionaldigital.com.br\/index.php?rest_route=\/wp\/v2\/types\/post"}],"author":[{"embeddable":true,"href":"https:\/\/diarioregionaldigital.com.br\/index.php?rest_route=\/wp\/v2\/users\/96"}],"replies":[{"embeddable":true,"href":"https:\/\/diarioregionaldigital.com.br\/index.php?rest_route=%2Fwp%2Fv2%2Fcomments&post=92187"}],"version-history":[{"count":0,"href":"https:\/\/diarioregionaldigital.com.br\/index.php?rest_route=\/wp\/v2\/posts\/92187\/revisions"}],"wp:featuredmedia":[{"embeddable":true,"href":"https:\/\/diarioregionaldigital.com.br\/index.php?rest_route=\/wp\/v2\/media\/92186"}],"wp:attachment":[{"href":"https:\/\/diarioregionaldigital.com.br\/index.php?rest_route=%2Fwp%2Fv2%2Fmedia&parent=92187"}],"wp:term":[{"taxonomy":"category","embeddable":true,"href":"https:\/\/diarioregionaldigital.com.br\/index.php?rest_route=%2Fwp%2Fv2%2Fcategories&post=92187"},{"taxonomy":"post_tag","embeddable":true,"href":"https:\/\/diarioregionaldigital.com.br\/index.php?rest_route=%2Fwp%2Fv2%2Ftags&post=92187"}],"curies":[{"name":"wp","href":"https:\/\/api.w.org\/{rel}","templated":true}]}}