{"id":92185,"date":"2018-02-20T17:35:58","date_gmt":"2018-02-20T20:35:58","guid":{"rendered":"http:\/\/diarioregionaljf.com.br\/2018\/02\/20\/settra-desmente-boato-sobre-implantacao-de-rodizio-de-veiculos-na-cidade\/"},"modified":"2018-02-20T17:35:58","modified_gmt":"2018-02-20T20:35:58","slug":"settra-desmente-boato-sobre-implantacao-de-rodizio-de-veiculos-na-cidade","status":"publish","type":"post","link":"https:\/\/diarioregionaldigital.com.br\/?p=92185","title":{"rendered":"Settra desmente boato sobre implanta\u00e7\u00e3o de rod\u00edzio de ve\u00edculos na cidade"},"content":{"rendered":"<p>A Secretaria de Transporte e Tr\u00e2nsito (Settra) da Prefeitura de Juiz de Fora (PJF) informou na tarde dessa ter\u00e7a-feira, 20, que \u00e9 falso o boato sobre a poss\u00edvel implanta\u00e7\u00e3o de rod\u00edzio de ve\u00edculos no munic\u00edpio. Em nota, a pasta tamb\u00e9m afirmou que \u201cao longo dos \u00faltimos cinco anos, est\u00e1 avan\u00e7ando em obras vi\u00e1rias, incentivo na utiliza\u00e7\u00e3o de outros modelos de transporte, inclusive com implanta\u00e7\u00e3o da ciclorrotas, al\u00e9m da intensifica\u00e7\u00e3o em a\u00e7\u00f5es de educa\u00e7\u00e3o no tr\u00e2nsito e fiscaliza\u00e7\u00e3o. Estas a\u00e7\u00f5es geram resultado a curto, m\u00e9dio e longo prazos\u201d.<\/p>\n<p>A Secretaria tamb\u00e9m relembrou que no momento, <a href=\"cidade\/24296-prefeitura-publica-licitacao-para-construcao-da-alca-do-viaduto-augusto-franco\">o poder Executivo municipal realiza licita\u00e7\u00e3o para a constru\u00e7\u00e3o da al\u00e7a do viaduto Augusto Franco<\/a>, que vai melhorar os congestionamentos na regi\u00e3o Central.<\/p>\n","protected":false},"excerpt":{"rendered":"<p>A Secretaria de Transporte e Tr\u00e2nsito (Settra) da Prefeitura de Juiz de Fora (PJF) informou na tarde dessa ter\u00e7a-feira, 20, que \u00e9 falso o boato sobre a poss\u00edvel implanta\u00e7\u00e3o de rod\u00edzio de ve\u00edculos no munic\u00edpio. Em nota, a pasta tamb\u00e9m afirmou que \u201cao longo dos \u00faltimos cinco anos, est\u00e1 avan\u00e7ando em obras vi\u00e1rias, incentivo na [&hellip;]<\/p>\n","protected":false},"author":96,"featured_media":92184,"comment_status":"closed","ping_status":"closed","sticky":false,"template":"","format":"standard","meta":{"footnotes":""},"categories":[253],"tags":[],"class_list":["post-92185","post","type-post","status-publish","format-standard","has-post-thumbnail","hentry","category-cidade"],"_links":{"self":[{"href":"https:\/\/diarioregionaldigital.com.br\/index.php?rest_route=\/wp\/v2\/posts\/92185","targetHints":{"allow":["GET"]}}],"collection":[{"href":"https:\/\/diarioregionaldigital.com.br\/index.php?rest_route=\/wp\/v2\/posts"}],"about":[{"href":"https:\/\/diarioregionaldigital.com.br\/index.php?rest_route=\/wp\/v2\/types\/post"}],"author":[{"embeddable":true,"href":"https:\/\/diarioregionaldigital.com.br\/index.php?rest_route=\/wp\/v2\/users\/96"}],"replies":[{"embeddable":true,"href":"https:\/\/diarioregionaldigital.com.br\/index.php?rest_route=%2Fwp%2Fv2%2Fcomments&post=92185"}],"version-history":[{"count":0,"href":"https:\/\/diarioregionaldigital.com.br\/index.php?rest_route=\/wp\/v2\/posts\/92185\/revisions"}],"wp:featuredmedia":[{"embeddable":true,"href":"https:\/\/diarioregionaldigital.com.br\/index.php?rest_route=\/wp\/v2\/media\/92184"}],"wp:attachment":[{"href":"https:\/\/diarioregionaldigital.com.br\/index.php?rest_route=%2Fwp%2Fv2%2Fmedia&parent=92185"}],"wp:term":[{"taxonomy":"category","embeddable":true,"href":"https:\/\/diarioregionaldigital.com.br\/index.php?rest_route=%2Fwp%2Fv2%2Fcategories&post=92185"},{"taxonomy":"post_tag","embeddable":true,"href":"https:\/\/diarioregionaldigital.com.br\/index.php?rest_route=%2Fwp%2Fv2%2Ftags&post=92185"}],"curies":[{"name":"wp","href":"https:\/\/api.w.org\/{rel}","templated":true}]}}