{"id":92181,"date":"2018-02-20T16:31:22","date_gmt":"2018-02-20T19:31:22","guid":{"rendered":"http:\/\/diarioregionaljf.com.br\/2018\/02\/20\/balanca-comercial-atinge-saldo-positivo-na-terceira-semana-de-fevereiro\/"},"modified":"2018-02-20T16:31:22","modified_gmt":"2018-02-20T19:31:22","slug":"balanca-comercial-atinge-saldo-positivo-na-terceira-semana-de-fevereiro","status":"publish","type":"post","link":"https:\/\/diarioregionaldigital.com.br\/?p=92181","title":{"rendered":"Balan\u00e7a comercial atinge saldo positivo na terceira semana de fevereiro"},"content":{"rendered":"<p>Na terceira semana de fevereiro, a balan\u00e7a comercial registrou um saldo de US$808 milh\u00f5es. Assim, o desempenho do saldo comercial brasileiro, que \u00e9 resultado da diferen\u00e7a entre exporta\u00e7\u00f5es e importa\u00e7\u00f5es, j\u00e1 soma US$3,434 bilh\u00f5es, de acordo com o Minist\u00e9rio da Ind\u00fastria, Com\u00e9rcio Exterior e Servi\u00e7os (MDIC).<\/p>\n<p>No m\u00eas, o saldo comercial expressivo decorre de um aumento de 20,4% nas exporta\u00e7\u00f5es em rela\u00e7\u00e3o ao mesmo per\u00edodo do ano passado. Maior volume nas vendas de produtos manufaturados (+62,7%), b\u00e1sicos (+13,3%) e semimanufaturados (+4,5%) est\u00e3o entre os motivos que pelo desempenho favor\u00e1vel nas exporta\u00e7\u00f5es.<\/p>\n<hr \/>\n<p>&nbsp;Fonte: Portal Brasil<\/p>\n","protected":false},"excerpt":{"rendered":"<p>Na terceira semana de fevereiro, a balan\u00e7a comercial registrou um saldo de US$808 milh\u00f5es. Assim, o desempenho do saldo comercial brasileiro, que \u00e9 resultado da diferen\u00e7a entre exporta\u00e7\u00f5es e importa\u00e7\u00f5es, j\u00e1 soma US$3,434 bilh\u00f5es, de acordo com o Minist\u00e9rio da Ind\u00fastria, Com\u00e9rcio Exterior e Servi\u00e7os (MDIC). No m\u00eas, o saldo comercial expressivo decorre de um [&hellip;]<\/p>\n","protected":false},"author":96,"featured_media":92180,"comment_status":"closed","ping_status":"closed","sticky":false,"template":"","format":"standard","meta":{"footnotes":""},"categories":[261],"tags":[],"class_list":["post-92181","post","type-post","status-publish","format-standard","has-post-thumbnail","hentry","category-economia"],"_links":{"self":[{"href":"https:\/\/diarioregionaldigital.com.br\/index.php?rest_route=\/wp\/v2\/posts\/92181","targetHints":{"allow":["GET"]}}],"collection":[{"href":"https:\/\/diarioregionaldigital.com.br\/index.php?rest_route=\/wp\/v2\/posts"}],"about":[{"href":"https:\/\/diarioregionaldigital.com.br\/index.php?rest_route=\/wp\/v2\/types\/post"}],"author":[{"embeddable":true,"href":"https:\/\/diarioregionaldigital.com.br\/index.php?rest_route=\/wp\/v2\/users\/96"}],"replies":[{"embeddable":true,"href":"https:\/\/diarioregionaldigital.com.br\/index.php?rest_route=%2Fwp%2Fv2%2Fcomments&post=92181"}],"version-history":[{"count":0,"href":"https:\/\/diarioregionaldigital.com.br\/index.php?rest_route=\/wp\/v2\/posts\/92181\/revisions"}],"wp:featuredmedia":[{"embeddable":true,"href":"https:\/\/diarioregionaldigital.com.br\/index.php?rest_route=\/wp\/v2\/media\/92180"}],"wp:attachment":[{"href":"https:\/\/diarioregionaldigital.com.br\/index.php?rest_route=%2Fwp%2Fv2%2Fmedia&parent=92181"}],"wp:term":[{"taxonomy":"category","embeddable":true,"href":"https:\/\/diarioregionaldigital.com.br\/index.php?rest_route=%2Fwp%2Fv2%2Fcategories&post=92181"},{"taxonomy":"post_tag","embeddable":true,"href":"https:\/\/diarioregionaldigital.com.br\/index.php?rest_route=%2Fwp%2Fv2%2Ftags&post=92181"}],"curies":[{"name":"wp","href":"https:\/\/api.w.org\/{rel}","templated":true}]}}