{"id":92177,"date":"2018-02-20T16:12:30","date_gmt":"2018-02-20T19:12:30","guid":{"rendered":"http:\/\/diarioregionaljf.com.br\/2018\/02\/20\/investimentos-terminam-ultimo-trimestre-com-alta-de-1-7-diz-ipea\/"},"modified":"2018-02-20T16:12:30","modified_gmt":"2018-02-20T19:12:30","slug":"investimentos-terminam-ultimo-trimestre-com-alta-de-1-7-diz-ipea","status":"publish","type":"post","link":"https:\/\/diarioregionaldigital.com.br\/?p=92177","title":{"rendered":"Investimentos terminam \u00faltimo trimestre com alta de 1,7%, diz Ipea"},"content":{"rendered":"<p>Os investimentos terminaram o quarto trimestre em crescimento, mas o resultado acumulado do ano ainda registrou queda. \u00c9 o que aponta o Indicador Ipea Mensal de Forma\u00e7\u00e3o Bruta de Capital Fixo (FBCF).<\/p>\n<p>Esse indicador \u00e9 composto pelos investimentos em m\u00e1quinas e equipamentos, em constru\u00e7\u00e3o civil e em outros ativos fixos e \u00e9 considerado uma pr\u00e9via do c\u00e1lculo feito pelo Instituto Brasileiro de Geografia e Estat\u00edstica (IBGE). A FBCF mostra se as empresas aumentaram ou n\u00e3o os seus bens de capital, ou seja, aqueles que servem para produzir outros bens. Por meio desse indicador, \u00e9 poss\u00edvel saber se a capacidade de produ\u00e7\u00e3o do pa\u00eds est\u00e1 crescendo e se os empres\u00e1rios est\u00e3o confiantes no futuro.<\/p>\n<p>Segundo os dados divulgados hoje, 20, pelo Instituto de Pesquisa Econ\u00f4mica Aplicada (Ipea), a FBCF apresentou crescimento de 4,2% em dezembro em rela\u00e7\u00e3o a novembro de 2017, na s\u00e9rie com ajuste sazonal. Com esse resultado, o indicador de investimentos encerrou o quarto trimestre com alta de 1,7% sobre o trimestre anterior, tamb\u00e9m ajustado sazonalmente. Na compara\u00e7\u00e3o com o mesmo m\u00eas do ano anterior, a FBCF atingiu patamar 2,4% superior ao verificado em dezembro de 2016. J\u00e1 na compara\u00e7\u00e3o do quarto trimestre de 2017 com o mesmo per\u00edodo do ano anterior, o investimento registrou expans\u00e3o de 3,3%. No resultado acumulado no ano de 2017, foi registrada queda de 2%.<\/p>\n<p>Para o Ipea, o avan\u00e7o da FBCF entre os meses de novembro e dezembro refletiu o \u201cbom desempenho de todos os seus componentes\u201d. \u201cAp\u00f3s duas quedas consecutivas, o consumo aparente de m\u00e1quinas e equipamentos (Came) \u2013 cuja estimativa corresponde \u00e0 sua produ\u00e7\u00e3o industrial dom\u00e9stica l\u00edquida das exporta\u00e7\u00f5es e acrescida das importa\u00e7\u00f5es \u2013, apresentou alta de 4,2% no \u00faltimo m\u00eas do ano. Entre os componentes do Came, enquanto a produ\u00e7\u00e3o dom\u00e9stica de bens de capital l\u00edquida de exporta\u00e7\u00f5es cresceu 4,5%, o volume de importa\u00e7\u00f5es registrou avan\u00e7o de 5,6%, ainda na compara\u00e7\u00e3o dessazonalizada\u201d, diz o Ipea.<\/p>\n<p>O Ipea informa que o indicador de constru\u00e7\u00e3o civil registrou o terceiro avan\u00e7o consecutivo, com alta de 2% frente ao m\u00eas de novembro, na s\u00e9rie livre de efeitos sazonais. O terceiro componente da FBCF, classificado como outros ativos fixos, contribuiu positivamente para o desempenho dos investimentos, registrando crescimento de 2% em dezembro.<\/p>\n<p>Na compara\u00e7\u00e3o entre dezembro deste ano e o mesmo per\u00edodo de 2016, o Came registrou alta de 9,9% em dezembro, enquanto a constru\u00e7\u00e3o civil avan\u00e7ou 0,5%. O componente outros ativos recuou 3,7%.<\/p>\n<hr \/>\n<p>&nbsp;Fonte: Ag\u00eancia Brasil<\/p>\n","protected":false},"excerpt":{"rendered":"<p>Os investimentos terminaram o quarto trimestre em crescimento, mas o resultado acumulado do ano ainda registrou queda. \u00c9 o que aponta o Indicador Ipea Mensal de Forma\u00e7\u00e3o Bruta de Capital Fixo (FBCF). Esse indicador \u00e9 composto pelos investimentos em m\u00e1quinas e equipamentos, em constru\u00e7\u00e3o civil e em outros ativos fixos e \u00e9 considerado uma pr\u00e9via [&hellip;]<\/p>\n","protected":false},"author":96,"featured_media":92176,"comment_status":"closed","ping_status":"closed","sticky":false,"template":"","format":"standard","meta":{"footnotes":""},"categories":[261],"tags":[],"class_list":["post-92177","post","type-post","status-publish","format-standard","has-post-thumbnail","hentry","category-economia"],"_links":{"self":[{"href":"https:\/\/diarioregionaldigital.com.br\/index.php?rest_route=\/wp\/v2\/posts\/92177","targetHints":{"allow":["GET"]}}],"collection":[{"href":"https:\/\/diarioregionaldigital.com.br\/index.php?rest_route=\/wp\/v2\/posts"}],"about":[{"href":"https:\/\/diarioregionaldigital.com.br\/index.php?rest_route=\/wp\/v2\/types\/post"}],"author":[{"embeddable":true,"href":"https:\/\/diarioregionaldigital.com.br\/index.php?rest_route=\/wp\/v2\/users\/96"}],"replies":[{"embeddable":true,"href":"https:\/\/diarioregionaldigital.com.br\/index.php?rest_route=%2Fwp%2Fv2%2Fcomments&post=92177"}],"version-history":[{"count":0,"href":"https:\/\/diarioregionaldigital.com.br\/index.php?rest_route=\/wp\/v2\/posts\/92177\/revisions"}],"wp:featuredmedia":[{"embeddable":true,"href":"https:\/\/diarioregionaldigital.com.br\/index.php?rest_route=\/wp\/v2\/media\/92176"}],"wp:attachment":[{"href":"https:\/\/diarioregionaldigital.com.br\/index.php?rest_route=%2Fwp%2Fv2%2Fmedia&parent=92177"}],"wp:term":[{"taxonomy":"category","embeddable":true,"href":"https:\/\/diarioregionaldigital.com.br\/index.php?rest_route=%2Fwp%2Fv2%2Fcategories&post=92177"},{"taxonomy":"post_tag","embeddable":true,"href":"https:\/\/diarioregionaldigital.com.br\/index.php?rest_route=%2Fwp%2Fv2%2Ftags&post=92177"}],"curies":[{"name":"wp","href":"https:\/\/api.w.org\/{rel}","templated":true}]}}