{"id":92175,"date":"2018-02-20T16:10:27","date_gmt":"2018-02-20T19:10:27","guid":{"rendered":"http:\/\/diarioregionaljf.com.br\/2018\/02\/20\/cresce-o-emprego-na-industria-paulista-o-melhor-janeiro-desde-2012\/"},"modified":"2018-02-20T16:10:27","modified_gmt":"2018-02-20T19:10:27","slug":"cresce-o-emprego-na-industria-paulista-o-melhor-janeiro-desde-2012","status":"publish","type":"post","link":"https:\/\/diarioregionaldigital.com.br\/?p=92175","title":{"rendered":"Cresce o emprego na ind\u00fastria paulista, o melhor janeiro desde 2012"},"content":{"rendered":"<p>As vagas abertas pela ind\u00fastria de transforma\u00e7\u00e3o paulista no primeiro m\u00eas deste ano foram quase quatro vezes superiores \u00e0 m\u00e9dia registrada nos meses de janeiro nos cinco anos anteriores. O saldo de admiss\u00f5es somou 10,5 mil empregos, enquanto a m\u00e9dia nesse per\u00edodo entre 2005 e 2017 havia atingido 2,8 mil. Esse foi o melhor desempenho j\u00e1 obtido em um m\u00eas de janeiro desde 2012, segundo a Pesquisa de N\u00edvel de Emprego da Federa\u00e7\u00e3o e do Centro das Ind\u00fastrias do Estado de S\u00e3o Paulo (Fiesp \/ Ciesp).<\/p>\n<p>No entanto, comparado a dezembro \u00faltimo, houve pequena eleva\u00e7\u00e3o de apenas 0,5%. Esse aumento nas contrata\u00e7\u00f5es foi puxado, principalmente, pelo setor de ve\u00edculos automotores, reboques e carrocerias, com a oferta de 2.939 postos, seguido de confec\u00e7\u00e3o de artigos do vestu\u00e1rio e acess\u00f3rios, com 2.123, e produtos de minerais n\u00e3o met\u00e1licos, com 1.426. De um total de 22 setores pesquisados, 16 ampliaram o quadro de pessoal.<\/p>\n<p>Entre as empresas que efetuaram cortes est\u00e3o as dos setores de produtos qu\u00edmicos (694), de produtos de madeira (273) e de impress\u00e3o e reprodu\u00e7\u00e3o de grava\u00e7\u00f5es (155).<\/p>\n<p>Para o segundo vice-presidente da Fiesp, Jos\u00e9 Ricardo Roriz Coelho, esse resultado \u201cdemonstra a consist\u00eancia do processo de crescimento da economia\u201d. Para Roriz Coelho, o desempenho est\u00e1 em sintonia com o aumento da produ\u00e7\u00e3o, em 2017, que atingiu 3,4%.<\/p>\n<p>A regi\u00e3o de S\u00e3o Jo\u00e3o da Boa Vista foi a que apresentou o maior avan\u00e7o, de 3.01%, com destaque para o setor de produtos de minerais n\u00e3o met\u00e1licos e m\u00e1quinas e equipamentos. Na sequ\u00eancia da lista de regi\u00f5es que mais admitiram pessoal aparece Mogi das Cruzes (2,42%), com a melhoria dos setores de produtos t\u00eaxteis e ve\u00edculos automotores e autope\u00e7as e Araraquara (2,07%), onde as chances de emprego cresceram nas empresas de produtos t\u00eaxteis e confec\u00e7\u00e3o de artigos do vestu\u00e1rio.<\/p>\n<hr \/>\n<p>&nbsp;Fonte: Ag\u00eancia Brasil<\/p>\n","protected":false},"excerpt":{"rendered":"<p>As vagas abertas pela ind\u00fastria de transforma\u00e7\u00e3o paulista no primeiro m\u00eas deste ano foram quase quatro vezes superiores \u00e0 m\u00e9dia registrada nos meses de janeiro nos cinco anos anteriores. O saldo de admiss\u00f5es somou 10,5 mil empregos, enquanto a m\u00e9dia nesse per\u00edodo entre 2005 e 2017 havia atingido 2,8 mil. Esse foi o melhor desempenho [&hellip;]<\/p>\n","protected":false},"author":96,"featured_media":92174,"comment_status":"closed","ping_status":"closed","sticky":false,"template":"","format":"standard","meta":{"footnotes":""},"categories":[261],"tags":[],"class_list":["post-92175","post","type-post","status-publish","format-standard","has-post-thumbnail","hentry","category-economia"],"_links":{"self":[{"href":"https:\/\/diarioregionaldigital.com.br\/index.php?rest_route=\/wp\/v2\/posts\/92175","targetHints":{"allow":["GET"]}}],"collection":[{"href":"https:\/\/diarioregionaldigital.com.br\/index.php?rest_route=\/wp\/v2\/posts"}],"about":[{"href":"https:\/\/diarioregionaldigital.com.br\/index.php?rest_route=\/wp\/v2\/types\/post"}],"author":[{"embeddable":true,"href":"https:\/\/diarioregionaldigital.com.br\/index.php?rest_route=\/wp\/v2\/users\/96"}],"replies":[{"embeddable":true,"href":"https:\/\/diarioregionaldigital.com.br\/index.php?rest_route=%2Fwp%2Fv2%2Fcomments&post=92175"}],"version-history":[{"count":0,"href":"https:\/\/diarioregionaldigital.com.br\/index.php?rest_route=\/wp\/v2\/posts\/92175\/revisions"}],"wp:featuredmedia":[{"embeddable":true,"href":"https:\/\/diarioregionaldigital.com.br\/index.php?rest_route=\/wp\/v2\/media\/92174"}],"wp:attachment":[{"href":"https:\/\/diarioregionaldigital.com.br\/index.php?rest_route=%2Fwp%2Fv2%2Fmedia&parent=92175"}],"wp:term":[{"taxonomy":"category","embeddable":true,"href":"https:\/\/diarioregionaldigital.com.br\/index.php?rest_route=%2Fwp%2Fv2%2Fcategories&post=92175"},{"taxonomy":"post_tag","embeddable":true,"href":"https:\/\/diarioregionaldigital.com.br\/index.php?rest_route=%2Fwp%2Fv2%2Ftags&post=92175"}],"curies":[{"name":"wp","href":"https:\/\/api.w.org\/{rel}","templated":true}]}}