{"id":92173,"date":"2018-02-20T15:29:42","date_gmt":"2018-02-20T18:29:42","guid":{"rendered":"http:\/\/diarioregionaljf.com.br\/2018\/02\/20\/pagamento-do-iptu-2018-a-vista-com-desconto-de-6-pode-ser-feito-ate-esta-terca-feira\/"},"modified":"2018-02-20T15:29:42","modified_gmt":"2018-02-20T18:29:42","slug":"pagamento-do-iptu-2018-a-vista-com-desconto-de-6-pode-ser-feito-ate-esta-terca-feira","status":"publish","type":"post","link":"https:\/\/diarioregionaldigital.com.br\/?p=92173","title":{"rendered":"Pagamento do IPTU 2018 \u00e0 vista com desconto de 6% pode ser feito at\u00e9 esta ter\u00e7a-feira"},"content":{"rendered":"<p>Termina nesta ter\u00e7a-feira, 20, o prazo para pagamento \u00e0 vista, com desconto de 6%, do Imposto Predial e Territorial Urbano (IPTU) 2018. Quem n\u00e3o recebeu o carn\u00ea pelos Correios poder\u00e1 obter o documento no site da Prefeitura de Juiz de Fora ou no Espa\u00e7o Cidad\u00e3o JF (Avenida Rio Branco, 2.234, Centro, ao lado do Parque Halfeld). Al\u00e9m do pagamento \u00e0 vista, os contribuintes poder\u00e3o optar por parcelar o d\u00e9bito em dez vezes, com vencimento sempre no dia 10 de cada m\u00eas, a partir de mar\u00e7o. Nesse caso, por\u00e9m, n\u00e3o haver\u00e1 desconto. Quem n\u00e3o tiver o n\u00famero da inscri\u00e7\u00e3o imobili\u00e1ria dever\u00e1 procurar o Departamento de Cadastro Imobili\u00e1rio (Decim) da Secretaria de Atividades Urbanas (SAU), na Avenida Bar\u00e3o do Rio Branco, 1.843 (pr\u00e9dio da Companhia de Saneamento Municipal &#8211; Cesama &#8211; 1\u00ba andar), no Centro, das 8h30 \u00e0s 17h30, munido de documento referente ao im\u00f3vel.<\/p>\n<p><span style=\"font-size: 18pt;\">Multas por atraso<\/span><\/p>\n<p>No caso da op\u00e7\u00e3o pelo parcelamento, um eventual atraso de 15 dias no pagamento ter\u00e1 multa de 2% sobre o valor total do imposto; de 16 a 30 dias, 4%; de 31 a 45 dias, 8%; acima de 45 dias, 15 %. Para os que estiverem inscritos em D\u00edvida Ativa (DA), a multa ser\u00e1 de 20%.<\/p>\n<p>O contribuinte que deixar de pagar o imposto at\u00e9 o final do ano ter\u00e1 o d\u00e9bito inscrito em DA no ano seguinte, com multa de mora de 20% e juros de 1% ao m\u00eas, podendo ser cobrado judicialmente (execu\u00e7\u00e3o fiscal) ou extrajudicialmente (protesto em cart\u00f3rio).<\/p>\n<p><span style=\"font-size: 18pt;\">Impugna\u00e7\u00e3o<\/span><\/p>\n<p>Come\u00e7a na segunda-feira, 26, o per\u00edodo de reclama\u00e7\u00f5es referente aos dados lan\u00e7ados no carn\u00ea do IPTU 2018. Quem tiver interesse na revis\u00e3o dever\u00e1 procurar o Espa\u00e7o Cidad\u00e3o JF munido do carn\u00ea do ano vigente e de documentos que comprovem os dados que est\u00e3o sendo objeto do pedido de revis\u00e3o. Caso seja constatada a incorre\u00e7\u00e3o, o propriet\u00e1rio do im\u00f3vel ou representante legal (mediante procura\u00e7\u00e3o) dever\u00e1 protocolar a reclama\u00e7\u00e3o at\u00e9 9 de mar\u00e7o.<\/p>\n<p>Fonte: Assessoria \/ PJF<\/p>\n","protected":false},"excerpt":{"rendered":"<p>Termina nesta ter\u00e7a-feira, 20, o prazo para pagamento \u00e0 vista, com desconto de 6%, do Imposto Predial e Territorial Urbano (IPTU) 2018. Quem n\u00e3o recebeu o carn\u00ea pelos Correios poder\u00e1 obter o documento no site da Prefeitura de Juiz de Fora ou no Espa\u00e7o Cidad\u00e3o JF (Avenida Rio Branco, 2.234, Centro, ao lado do Parque [&hellip;]<\/p>\n","protected":false},"author":96,"featured_media":92172,"comment_status":"closed","ping_status":"closed","sticky":false,"template":"","format":"standard","meta":{"footnotes":""},"categories":[253],"tags":[],"class_list":["post-92173","post","type-post","status-publish","format-standard","has-post-thumbnail","hentry","category-cidade"],"_links":{"self":[{"href":"https:\/\/diarioregionaldigital.com.br\/index.php?rest_route=\/wp\/v2\/posts\/92173","targetHints":{"allow":["GET"]}}],"collection":[{"href":"https:\/\/diarioregionaldigital.com.br\/index.php?rest_route=\/wp\/v2\/posts"}],"about":[{"href":"https:\/\/diarioregionaldigital.com.br\/index.php?rest_route=\/wp\/v2\/types\/post"}],"author":[{"embeddable":true,"href":"https:\/\/diarioregionaldigital.com.br\/index.php?rest_route=\/wp\/v2\/users\/96"}],"replies":[{"embeddable":true,"href":"https:\/\/diarioregionaldigital.com.br\/index.php?rest_route=%2Fwp%2Fv2%2Fcomments&post=92173"}],"version-history":[{"count":0,"href":"https:\/\/diarioregionaldigital.com.br\/index.php?rest_route=\/wp\/v2\/posts\/92173\/revisions"}],"wp:featuredmedia":[{"embeddable":true,"href":"https:\/\/diarioregionaldigital.com.br\/index.php?rest_route=\/wp\/v2\/media\/92172"}],"wp:attachment":[{"href":"https:\/\/diarioregionaldigital.com.br\/index.php?rest_route=%2Fwp%2Fv2%2Fmedia&parent=92173"}],"wp:term":[{"taxonomy":"category","embeddable":true,"href":"https:\/\/diarioregionaldigital.com.br\/index.php?rest_route=%2Fwp%2Fv2%2Fcategories&post=92173"},{"taxonomy":"post_tag","embeddable":true,"href":"https:\/\/diarioregionaldigital.com.br\/index.php?rest_route=%2Fwp%2Fv2%2Ftags&post=92173"}],"curies":[{"name":"wp","href":"https:\/\/api.w.org\/{rel}","templated":true}]}}