{"id":92171,"date":"2018-02-20T15:24:28","date_gmt":"2018-02-20T18:24:28","guid":{"rendered":"http:\/\/diarioregionaljf.com.br\/2018\/02\/20\/divulgada-lista-de-espera-do-sisu-na-ufjf\/"},"modified":"2018-02-20T15:24:28","modified_gmt":"2018-02-20T18:24:28","slug":"divulgada-lista-de-espera-do-sisu-na-ufjf","status":"publish","type":"post","link":"https:\/\/diarioregionaldigital.com.br\/?p=92171","title":{"rendered":"Divulgada lista de espera do Sisu na UFJF"},"content":{"rendered":"<p>J\u00e1 est\u00e1 dispon\u00edvel a rela\u00e7\u00e3o de candidatos do Sistema de Sele\u00e7\u00e3o Unificada (Sisu) que se inscreveram na lista de espera de cursos da Universidade Federal de Juiz de Fora (UFJF). A lista pode ser acessada no<a href=\"http:\/\/www.ufjf.br\/cdara\/sisu-2\/sisu-2018\/lista-de-espera-sisu-5\/\"> site da Coordena\u00e7\u00e3o de Assuntos e Registros Acad\u00eamicos (Cdara)<\/a>.<\/p>\n<p>A p\u00e1gina traz a classifica\u00e7\u00e3o de cada um dos candidatos em todos os cursos. A partir dessa ordem, eles poder\u00e3o ser chamados por meio de editais de reclassifica\u00e7\u00e3o. Em anos anteriores, dependendo do curso, dezenas de excedentes foram convocados, seja porque os aprovados na chamada regular desistiram da vaga, foram aprovados tamb\u00e9m pelo Pism, tiveram a matr\u00edcula indeferida ou perderam algum prazo.<\/p>\n<p>O primeiro edital ser\u00e1 divulgado nesta quarta, 21, a partir de meio-dia, tamb\u00e9m no site da Cdara, na se\u00e7\u00e3o sobre o Sisu. No mesmo dia, come\u00e7a a pr\u00e9-matr\u00edcula online dos novos aprovados. O prazo termina \u00e0s 23h59 da pr\u00f3xima sexta, 23. O procedimento \u00e9 obrigat\u00f3rio para come\u00e7ar a garantir a vaga.<\/p>\n<p>Em seguida, o convocado ter\u00e1 de fazer a matr\u00edcula presencial no campus que escolheu onde cursar, Juiz de Fora ou Governador Valadares, nos dias 8 e 9 de mar\u00e7o. As datas s\u00e3o as mesmas para as duas unidades da UFJF.<\/p>\n<p><span style=\"font-size: 18pt;\">Documentos e tira-d\u00favidas<\/span><\/p>\n<p>A rela\u00e7\u00e3o de documentos necess\u00e1rios para matr\u00edcula e uma lista de d\u00favidas frequentes para o registro est\u00e3o dispon\u00edveis tamb\u00e9m no site da Cdara. O setor ainda conta com um plant\u00e3o para tirar d\u00favidas, principalmente de quem precisa comprovar renda ou defici\u00eancia. Para isso, est\u00e3o dispon\u00edveis o e-mail duvidas.sisuab@ufjf.edu.br e o telefone (32) 2102-3341.<\/p>\n<p><span style=\"font-size: 18pt;\">Cronograma<\/span><\/p>\n<p>A Coordena\u00e7\u00e3o j\u00e1 divulgou o <a href=\"http:\/\/www.ufjf.br\/cdara\/sisu-2\/sisu-2018\/cronograma-de-reclassificacoes-campus-juiz-de-fora\/\">cronograma de divulga\u00e7\u00e3o dos pr\u00f3ximos editais de reclassifica\u00e7\u00e3o e de matr\u00edcula<\/a>. Ao todo, al\u00e9m do edital desta quarta, ser\u00e3o publicados mais tr\u00eas entre os dias 7 e 21 de mar\u00e7o e mais um espec\u00edfico para o curso de Odontologia, em Governador Valadares, no dia 4 de abril.<\/p>\n<p>Nesta primeira edi\u00e7\u00e3o do Sisu, em 2018, a UFJF ofereceu 1.337 vagas em 57 cursos que possuem ingresso no primeiro semestre letivo.<\/p>\n<p>Fonte: Assessoria \/ UFJF<\/p>\n","protected":false},"excerpt":{"rendered":"<p>J\u00e1 est\u00e1 dispon\u00edvel a rela\u00e7\u00e3o de candidatos do Sistema de Sele\u00e7\u00e3o Unificada (Sisu) que se inscreveram na lista de espera de cursos da Universidade Federal de Juiz de Fora (UFJF). A lista pode ser acessada no site da Coordena\u00e7\u00e3o de Assuntos e Registros Acad\u00eamicos (Cdara). A p\u00e1gina traz a classifica\u00e7\u00e3o de cada um dos candidatos [&hellip;]<\/p>\n","protected":false},"author":96,"featured_media":92170,"comment_status":"closed","ping_status":"closed","sticky":false,"template":"","format":"standard","meta":{"footnotes":""},"categories":[253],"tags":[],"class_list":["post-92171","post","type-post","status-publish","format-standard","has-post-thumbnail","hentry","category-cidade"],"_links":{"self":[{"href":"https:\/\/diarioregionaldigital.com.br\/index.php?rest_route=\/wp\/v2\/posts\/92171","targetHints":{"allow":["GET"]}}],"collection":[{"href":"https:\/\/diarioregionaldigital.com.br\/index.php?rest_route=\/wp\/v2\/posts"}],"about":[{"href":"https:\/\/diarioregionaldigital.com.br\/index.php?rest_route=\/wp\/v2\/types\/post"}],"author":[{"embeddable":true,"href":"https:\/\/diarioregionaldigital.com.br\/index.php?rest_route=\/wp\/v2\/users\/96"}],"replies":[{"embeddable":true,"href":"https:\/\/diarioregionaldigital.com.br\/index.php?rest_route=%2Fwp%2Fv2%2Fcomments&post=92171"}],"version-history":[{"count":0,"href":"https:\/\/diarioregionaldigital.com.br\/index.php?rest_route=\/wp\/v2\/posts\/92171\/revisions"}],"wp:featuredmedia":[{"embeddable":true,"href":"https:\/\/diarioregionaldigital.com.br\/index.php?rest_route=\/wp\/v2\/media\/92170"}],"wp:attachment":[{"href":"https:\/\/diarioregionaldigital.com.br\/index.php?rest_route=%2Fwp%2Fv2%2Fmedia&parent=92171"}],"wp:term":[{"taxonomy":"category","embeddable":true,"href":"https:\/\/diarioregionaldigital.com.br\/index.php?rest_route=%2Fwp%2Fv2%2Fcategories&post=92171"},{"taxonomy":"post_tag","embeddable":true,"href":"https:\/\/diarioregionaldigital.com.br\/index.php?rest_route=%2Fwp%2Fv2%2Ftags&post=92171"}],"curies":[{"name":"wp","href":"https:\/\/api.w.org\/{rel}","templated":true}]}}