{"id":92169,"date":"2018-02-20T12:52:14","date_gmt":"2018-02-20T15:52:14","guid":{"rendered":"http:\/\/diarioregionaljf.com.br\/2018\/02\/20\/homem-e-morto-a-facadas-por-jovem-com-quem-dividia-casa\/"},"modified":"2018-02-20T12:52:14","modified_gmt":"2018-02-20T15:52:14","slug":"homem-e-morto-a-facadas-por-jovem-com-quem-dividia-casa","status":"publish","type":"post","link":"https:\/\/diarioregionaldigital.com.br\/?p=92169","title":{"rendered":"Homem \u00e9 morto a facadas por jovem com quem dividia casa"},"content":{"rendered":"<p>Um homem de 30 anos foi v\u00edtima de homic\u00eddio da manh\u00e3 desta segunda-feira, 19, no bairro S\u00e3o Sebasti\u00e3o, localizado na zona Leste.<\/p>\n<p>De acordo com a Pol\u00edcia Militar (PM), a v\u00edtima dividia uma casa com um jovem de 19 anos. Nesta segunda-feira, os dois teriam se desentendido e durante a briga o jovem desferiu golpes de faca contra a v\u00edtima.<\/p>\n<p>O Servi\u00e7o de Atendimento M\u00f3vel de Urg\u00eancia (SAMU) foi acionado, sendo constatadas perfura\u00e7\u00f5es na altura do abd\u00f4men da v\u00edtima, que n\u00e3o resistiu e veio a \u00f3bito no local. A per\u00edcia foi acionada e o corpo foi encaminhado para o Instituto M\u00e9dico Legal (IML).<\/p>\n<p>O autor foi preso e encaminhado para a delegacia.<\/p>\n","protected":false},"excerpt":{"rendered":"<p>Um homem de 30 anos foi v\u00edtima de homic\u00eddio da manh\u00e3 desta segunda-feira, 19, no bairro S\u00e3o Sebasti\u00e3o, localizado na zona Leste. De acordo com a Pol\u00edcia Militar (PM), a v\u00edtima dividia uma casa com um jovem de 19 anos. Nesta segunda-feira, os dois teriam se desentendido e durante a briga o jovem desferiu golpes [&hellip;]<\/p>\n","protected":false},"author":96,"featured_media":92168,"comment_status":"closed","ping_status":"closed","sticky":false,"template":"","format":"standard","meta":{"footnotes":""},"categories":[301],"tags":[],"class_list":["post-92169","post","type-post","status-publish","format-standard","has-post-thumbnail","hentry","category-artigos-policiais"],"_links":{"self":[{"href":"https:\/\/diarioregionaldigital.com.br\/index.php?rest_route=\/wp\/v2\/posts\/92169","targetHints":{"allow":["GET"]}}],"collection":[{"href":"https:\/\/diarioregionaldigital.com.br\/index.php?rest_route=\/wp\/v2\/posts"}],"about":[{"href":"https:\/\/diarioregionaldigital.com.br\/index.php?rest_route=\/wp\/v2\/types\/post"}],"author":[{"embeddable":true,"href":"https:\/\/diarioregionaldigital.com.br\/index.php?rest_route=\/wp\/v2\/users\/96"}],"replies":[{"embeddable":true,"href":"https:\/\/diarioregionaldigital.com.br\/index.php?rest_route=%2Fwp%2Fv2%2Fcomments&post=92169"}],"version-history":[{"count":0,"href":"https:\/\/diarioregionaldigital.com.br\/index.php?rest_route=\/wp\/v2\/posts\/92169\/revisions"}],"wp:featuredmedia":[{"embeddable":true,"href":"https:\/\/diarioregionaldigital.com.br\/index.php?rest_route=\/wp\/v2\/media\/92168"}],"wp:attachment":[{"href":"https:\/\/diarioregionaldigital.com.br\/index.php?rest_route=%2Fwp%2Fv2%2Fmedia&parent=92169"}],"wp:term":[{"taxonomy":"category","embeddable":true,"href":"https:\/\/diarioregionaldigital.com.br\/index.php?rest_route=%2Fwp%2Fv2%2Fcategories&post=92169"},{"taxonomy":"post_tag","embeddable":true,"href":"https:\/\/diarioregionaldigital.com.br\/index.php?rest_route=%2Fwp%2Fv2%2Ftags&post=92169"}],"curies":[{"name":"wp","href":"https:\/\/api.w.org\/{rel}","templated":true}]}}