{"id":92167,"date":"2018-02-20T12:34:07","date_gmt":"2018-02-20T15:34:07","guid":{"rendered":"http:\/\/diarioregionaljf.com.br\/2018\/02\/20\/instituicao-de-ensino-tem-quase-r-10-mil-roubados-de-cofre\/"},"modified":"2018-02-20T12:34:07","modified_gmt":"2018-02-20T15:34:07","slug":"instituicao-de-ensino-tem-quase-r-10-mil-roubados-de-cofre","status":"publish","type":"post","link":"https:\/\/diarioregionaldigital.com.br\/?p=92167","title":{"rendered":"Institui\u00e7\u00e3o de ensino tem quase R$10 mil roubados de cofre"},"content":{"rendered":"<p>Uma institui\u00e7\u00e3o de ensino particular foi assaltada durante a madrugada desta segunda-feira, 19, no bairro Nova Era, localizado na zona Norte.<\/p>\n<p>De acordo com o registro de ocorr\u00eancias da Pol\u00edcia Militar (PM), uma funcion\u00e1ria da institui\u00e7\u00e3o, de 26 anos, chegou ao local para iniciar o expediente de servi\u00e7o, quando se deparou com o cofre aberto e o sistema de c\u00e2meras desligado.<\/p>\n<p>A PM foi acionada a fim de realizar registro da ocorr\u00eancia. N\u00e3o foi identificado arrombamento do cofre e de seu interior foram roubados a quantia de R$5.000,00 em moeda corrente , al\u00e9m de 12 folhas de cheque, totalizando a quantia de R$ 4.610,65.<\/p>\n<p>At\u00e9 o momento nenhum suspeito foi identificado. O caso dever\u00e1 ser investigado.<\/p>\n","protected":false},"excerpt":{"rendered":"<p>Uma institui\u00e7\u00e3o de ensino particular foi assaltada durante a madrugada desta segunda-feira, 19, no bairro Nova Era, localizado na zona Norte. De acordo com o registro de ocorr\u00eancias da Pol\u00edcia Militar (PM), uma funcion\u00e1ria da institui\u00e7\u00e3o, de 26 anos, chegou ao local para iniciar o expediente de servi\u00e7o, quando se deparou com o cofre aberto [&hellip;]<\/p>\n","protected":false},"author":96,"featured_media":92166,"comment_status":"closed","ping_status":"closed","sticky":false,"template":"","format":"standard","meta":{"footnotes":""},"categories":[301],"tags":[],"class_list":["post-92167","post","type-post","status-publish","format-standard","has-post-thumbnail","hentry","category-artigos-policiais"],"_links":{"self":[{"href":"https:\/\/diarioregionaldigital.com.br\/index.php?rest_route=\/wp\/v2\/posts\/92167","targetHints":{"allow":["GET"]}}],"collection":[{"href":"https:\/\/diarioregionaldigital.com.br\/index.php?rest_route=\/wp\/v2\/posts"}],"about":[{"href":"https:\/\/diarioregionaldigital.com.br\/index.php?rest_route=\/wp\/v2\/types\/post"}],"author":[{"embeddable":true,"href":"https:\/\/diarioregionaldigital.com.br\/index.php?rest_route=\/wp\/v2\/users\/96"}],"replies":[{"embeddable":true,"href":"https:\/\/diarioregionaldigital.com.br\/index.php?rest_route=%2Fwp%2Fv2%2Fcomments&post=92167"}],"version-history":[{"count":0,"href":"https:\/\/diarioregionaldigital.com.br\/index.php?rest_route=\/wp\/v2\/posts\/92167\/revisions"}],"wp:featuredmedia":[{"embeddable":true,"href":"https:\/\/diarioregionaldigital.com.br\/index.php?rest_route=\/wp\/v2\/media\/92166"}],"wp:attachment":[{"href":"https:\/\/diarioregionaldigital.com.br\/index.php?rest_route=%2Fwp%2Fv2%2Fmedia&parent=92167"}],"wp:term":[{"taxonomy":"category","embeddable":true,"href":"https:\/\/diarioregionaldigital.com.br\/index.php?rest_route=%2Fwp%2Fv2%2Fcategories&post=92167"},{"taxonomy":"post_tag","embeddable":true,"href":"https:\/\/diarioregionaldigital.com.br\/index.php?rest_route=%2Fwp%2Fv2%2Ftags&post=92167"}],"curies":[{"name":"wp","href":"https:\/\/api.w.org\/{rel}","templated":true}]}}