{"id":92165,"date":"2018-02-20T12:19:33","date_gmt":"2018-02-20T15:19:33","guid":{"rendered":"http:\/\/diarioregionaljf.com.br\/2018\/02\/20\/posto-de-combustiveis-e-assaltado-por-homem-com-facao-no-parque-guarani\/"},"modified":"2018-02-20T12:19:33","modified_gmt":"2018-02-20T15:19:33","slug":"posto-de-combustiveis-e-assaltado-por-homem-com-facao-no-parque-guarani","status":"publish","type":"post","link":"https:\/\/diarioregionaldigital.com.br\/?p=92165","title":{"rendered":"Posto de combust\u00edveis \u00e9 assaltado por homem com fac\u00e3o no Parque Guarani"},"content":{"rendered":"<p>Um posto de combust\u00edveis foi assaltado na madrugada desta ter\u00e7a-feira, 20, no bairro Parque Guarani, localizado na zona Nordeste da cidade. O estabelecimento fica na Avenida Juiz de Fora.<\/p>\n<p>Segundo informa\u00e7\u00f5es da Pol\u00edcia Militar (PM), um funcion\u00e1rio do posto, de 33 anos, encontrava-se trabalhando no local, quando foi surpreendido por um indiv\u00edduo que anunciou o assalto.<\/p>\n<p>O autor utilizava uma camisa enrolada na cabe\u00e7a e armado com um fac\u00e3o, roubou a quantia de R$89. Ap\u00f3s o crime fugiu a p\u00e9 em dire\u00e7\u00e3o ao bairro Grama.<\/p>\n<p>A PM foi acionada e realizou buscas pela regi\u00e3o, entretanto, o autor n\u00e3o foi encontrado.<\/p>\n","protected":false},"excerpt":{"rendered":"<p>Um posto de combust\u00edveis foi assaltado na madrugada desta ter\u00e7a-feira, 20, no bairro Parque Guarani, localizado na zona Nordeste da cidade. O estabelecimento fica na Avenida Juiz de Fora. Segundo informa\u00e7\u00f5es da Pol\u00edcia Militar (PM), um funcion\u00e1rio do posto, de 33 anos, encontrava-se trabalhando no local, quando foi surpreendido por um indiv\u00edduo que anunciou o [&hellip;]<\/p>\n","protected":false},"author":96,"featured_media":92164,"comment_status":"closed","ping_status":"closed","sticky":false,"template":"","format":"standard","meta":{"footnotes":""},"categories":[301],"tags":[],"class_list":["post-92165","post","type-post","status-publish","format-standard","has-post-thumbnail","hentry","category-artigos-policiais"],"_links":{"self":[{"href":"https:\/\/diarioregionaldigital.com.br\/index.php?rest_route=\/wp\/v2\/posts\/92165","targetHints":{"allow":["GET"]}}],"collection":[{"href":"https:\/\/diarioregionaldigital.com.br\/index.php?rest_route=\/wp\/v2\/posts"}],"about":[{"href":"https:\/\/diarioregionaldigital.com.br\/index.php?rest_route=\/wp\/v2\/types\/post"}],"author":[{"embeddable":true,"href":"https:\/\/diarioregionaldigital.com.br\/index.php?rest_route=\/wp\/v2\/users\/96"}],"replies":[{"embeddable":true,"href":"https:\/\/diarioregionaldigital.com.br\/index.php?rest_route=%2Fwp%2Fv2%2Fcomments&post=92165"}],"version-history":[{"count":0,"href":"https:\/\/diarioregionaldigital.com.br\/index.php?rest_route=\/wp\/v2\/posts\/92165\/revisions"}],"wp:featuredmedia":[{"embeddable":true,"href":"https:\/\/diarioregionaldigital.com.br\/index.php?rest_route=\/wp\/v2\/media\/92164"}],"wp:attachment":[{"href":"https:\/\/diarioregionaldigital.com.br\/index.php?rest_route=%2Fwp%2Fv2%2Fmedia&parent=92165"}],"wp:term":[{"taxonomy":"category","embeddable":true,"href":"https:\/\/diarioregionaldigital.com.br\/index.php?rest_route=%2Fwp%2Fv2%2Fcategories&post=92165"},{"taxonomy":"post_tag","embeddable":true,"href":"https:\/\/diarioregionaldigital.com.br\/index.php?rest_route=%2Fwp%2Fv2%2Ftags&post=92165"}],"curies":[{"name":"wp","href":"https:\/\/api.w.org\/{rel}","templated":true}]}}