{"id":92163,"date":"2018-02-20T12:09:20","date_gmt":"2018-02-20T15:09:20","guid":{"rendered":"http:\/\/diarioregionaljf.com.br\/2018\/02\/20\/funcionaria-e-trancada-durante-assalto-a-loja-no-manoel-honorio\/"},"modified":"2018-02-20T12:09:20","modified_gmt":"2018-02-20T15:09:20","slug":"funcionaria-e-trancada-durante-assalto-a-loja-no-manoel-honorio","status":"publish","type":"post","link":"https:\/\/diarioregionaldigital.com.br\/?p=92163","title":{"rendered":"Funcion\u00e1ria \u00e9 trancada durante assalto a loja no Manoel Hon\u00f3rio"},"content":{"rendered":"<p>Um estabelecimento comercial foi assaltado na tarde desta segunda-feira, 19, no bairro Manoel Hon\u00f3rio, localizado na zona Leste da cidade. A loja fica localizada na Rua Am\u00e9rico Lobo.<\/p>\n<p>De acordo com o registro de ocorr\u00eancias da Pol\u00edcia Militar (PM), uma funcion\u00e1ria, de 21 anos, encontrava-se no estabelecimento, quando um indiv\u00edduo invadiu o local e anunciou o assalto.<\/p>\n<p>O autor roubou o aparelho celular da v\u00edtima e a quantia de R$90. De acordo com relato da funcion\u00e1ria, o assaltante colocou algo em sua cabe\u00e7a e afirmou estar armado.<\/p>\n<p>Ap\u00f3s o roubo, o assaltante conduziu a jovem at\u00e9 os fundos da loja, onde a deixou trancada.<\/p>\n<p>A PM foi acionada, buscas foram realizadas, mas nenhum suspeito foi encontrado.<\/p>\n","protected":false},"excerpt":{"rendered":"<p>Um estabelecimento comercial foi assaltado na tarde desta segunda-feira, 19, no bairro Manoel Hon\u00f3rio, localizado na zona Leste da cidade. A loja fica localizada na Rua Am\u00e9rico Lobo. De acordo com o registro de ocorr\u00eancias da Pol\u00edcia Militar (PM), uma funcion\u00e1ria, de 21 anos, encontrava-se no estabelecimento, quando um indiv\u00edduo invadiu o local e anunciou [&hellip;]<\/p>\n","protected":false},"author":96,"featured_media":92162,"comment_status":"closed","ping_status":"closed","sticky":false,"template":"","format":"standard","meta":{"footnotes":""},"categories":[301],"tags":[],"class_list":["post-92163","post","type-post","status-publish","format-standard","has-post-thumbnail","hentry","category-artigos-policiais"],"_links":{"self":[{"href":"https:\/\/diarioregionaldigital.com.br\/index.php?rest_route=\/wp\/v2\/posts\/92163","targetHints":{"allow":["GET"]}}],"collection":[{"href":"https:\/\/diarioregionaldigital.com.br\/index.php?rest_route=\/wp\/v2\/posts"}],"about":[{"href":"https:\/\/diarioregionaldigital.com.br\/index.php?rest_route=\/wp\/v2\/types\/post"}],"author":[{"embeddable":true,"href":"https:\/\/diarioregionaldigital.com.br\/index.php?rest_route=\/wp\/v2\/users\/96"}],"replies":[{"embeddable":true,"href":"https:\/\/diarioregionaldigital.com.br\/index.php?rest_route=%2Fwp%2Fv2%2Fcomments&post=92163"}],"version-history":[{"count":0,"href":"https:\/\/diarioregionaldigital.com.br\/index.php?rest_route=\/wp\/v2\/posts\/92163\/revisions"}],"wp:featuredmedia":[{"embeddable":true,"href":"https:\/\/diarioregionaldigital.com.br\/index.php?rest_route=\/wp\/v2\/media\/92162"}],"wp:attachment":[{"href":"https:\/\/diarioregionaldigital.com.br\/index.php?rest_route=%2Fwp%2Fv2%2Fmedia&parent=92163"}],"wp:term":[{"taxonomy":"category","embeddable":true,"href":"https:\/\/diarioregionaldigital.com.br\/index.php?rest_route=%2Fwp%2Fv2%2Fcategories&post=92163"},{"taxonomy":"post_tag","embeddable":true,"href":"https:\/\/diarioregionaldigital.com.br\/index.php?rest_route=%2Fwp%2Fv2%2Ftags&post=92163"}],"curies":[{"name":"wp","href":"https:\/\/api.w.org\/{rel}","templated":true}]}}