{"id":92161,"date":"2018-02-19T23:26:57","date_gmt":"2018-02-20T02:26:57","guid":{"rendered":"http:\/\/diarioregionaljf.com.br\/2018\/02\/19\/associacao-comercial-e-empresarial-promove-eventos-para-fomentar-o-comercio-na-regiao\/"},"modified":"2018-02-19T23:26:57","modified_gmt":"2018-02-20T02:26:57","slug":"associacao-comercial-e-empresarial-promove-eventos-para-fomentar-o-comercio-na-regiao","status":"publish","type":"post","link":"https:\/\/diarioregionaldigital.com.br\/?p=92161","title":{"rendered":"Associa\u00e7\u00e3o Comercial e Empresarial promove eventos para fomentar o com\u00e9rcio na regi\u00e3o"},"content":{"rendered":"<p>A Associa\u00e7\u00e3o Comercial e Empresarial de Juiz de Fora (ACEJF) pretende promover dois eventos na cidade com o intuito de fomentar o com\u00e9rcio na regi\u00e3o. Em janeiro, o munic\u00edpio sediou o Quinto Encontro das Associa\u00e7\u00f5es Comerciais e Empresarias da Zona da Mata e, na ocasi\u00e3o, o presidente da ACEJF, Alo\u00edsio Vasconcelos, apresentou um pr\u00e9-projeto referente \u00e0 Primeira Amostra da Zona Mata e Feira de Neg\u00f3cios.<\/p>\n<p>\u201cA Amostra deve ocorrer no m\u00eas de junho. Estamos negociando a data devido ao espa\u00e7o, que ainda n\u00e3o foi definido\u201d, afirmou Vasconcelos. \u201cA ideia \u00e9 mostrar para todo o pa\u00eds o que se produz na zona da Mata em cada uma das cidades\u201d, acrescentou. Munic\u00edpios de um raio de 150 km de Juiz de Fora devem participar.<\/p>\n<p>Al\u00e9m da ACEJF, o encontro contou com a participa\u00e7\u00e3o das associa\u00e7\u00f5es de Al\u00e9m Para\u00edba, Bicas, Leopoldina, Santo Dumont, S\u00e3o Jo\u00e3o Nepomuceno e Manhumirim. As institui\u00e7\u00f5es aprovaram o pr\u00e9-projeto.<\/p>\n<p>O segundo evento, o Congresso Federaminas (Federa\u00e7\u00e3o das Associa\u00e7\u00f5es Comerciais e Empresariais do Estado de Minas Gerais), j\u00e1 tem data e local definido. \u201cO Congresso vai ocorrer nos dias 22 e 23 de novembro deste ano e com a previs\u00e3o de participa\u00e7\u00e3o de cerca de 1.500 empres\u00e1rios de todo Estado. Al\u00e9m disso, vamos reunir todas as associa\u00e7\u00f5es comerciais de Minas Gerais\u201d, afirmou o presidente da ACEJF.<\/p>\n<p>O evento ser\u00e1 realizado no hotel Gran Victory e a programa\u00e7\u00e3o n\u00e3o est\u00e1 conclu\u00edda. \u201c\u00c9 importante que os empres\u00e1rios participem, pois teremos muita troca de experi\u00eancia e palestras espetaculares. Ser\u00e3o tr\u00eas dias de trabalho intenso\u201d, ressaltou Vasconcelos. \u201cMovimenta toda a cadeia produtiva. Quando voc\u00ea faz um evento desse porte, todo mundo ganha. Gera servi\u00e7o para os taxistas, hot\u00e9is, restaurante e para o com\u00e9rcio em geral. Voc\u00ea injeta dinheiro na cidade e isso \u00e9 um efeito positivo\u201d, finalizou o presidente da ACEJF comentando sobre os benef\u00edcios para a cidade.<\/p>\n<p>&nbsp;<\/p>\n","protected":false},"excerpt":{"rendered":"<p>A Associa\u00e7\u00e3o Comercial e Empresarial de Juiz de Fora (ACEJF) pretende promover dois eventos na cidade com o intuito de fomentar o com\u00e9rcio na regi\u00e3o. Em janeiro, o munic\u00edpio sediou o Quinto Encontro das Associa\u00e7\u00f5es Comerciais e Empresarias da Zona da Mata e, na ocasi\u00e3o, o presidente da ACEJF, Alo\u00edsio Vasconcelos, apresentou um pr\u00e9-projeto referente [&hellip;]<\/p>\n","protected":false},"author":96,"featured_media":92160,"comment_status":"closed","ping_status":"closed","sticky":false,"template":"","format":"standard","meta":{"footnotes":""},"categories":[253],"tags":[],"class_list":["post-92161","post","type-post","status-publish","format-standard","has-post-thumbnail","hentry","category-cidade"],"_links":{"self":[{"href":"https:\/\/diarioregionaldigital.com.br\/index.php?rest_route=\/wp\/v2\/posts\/92161","targetHints":{"allow":["GET"]}}],"collection":[{"href":"https:\/\/diarioregionaldigital.com.br\/index.php?rest_route=\/wp\/v2\/posts"}],"about":[{"href":"https:\/\/diarioregionaldigital.com.br\/index.php?rest_route=\/wp\/v2\/types\/post"}],"author":[{"embeddable":true,"href":"https:\/\/diarioregionaldigital.com.br\/index.php?rest_route=\/wp\/v2\/users\/96"}],"replies":[{"embeddable":true,"href":"https:\/\/diarioregionaldigital.com.br\/index.php?rest_route=%2Fwp%2Fv2%2Fcomments&post=92161"}],"version-history":[{"count":0,"href":"https:\/\/diarioregionaldigital.com.br\/index.php?rest_route=\/wp\/v2\/posts\/92161\/revisions"}],"wp:featuredmedia":[{"embeddable":true,"href":"https:\/\/diarioregionaldigital.com.br\/index.php?rest_route=\/wp\/v2\/media\/92160"}],"wp:attachment":[{"href":"https:\/\/diarioregionaldigital.com.br\/index.php?rest_route=%2Fwp%2Fv2%2Fmedia&parent=92161"}],"wp:term":[{"taxonomy":"category","embeddable":true,"href":"https:\/\/diarioregionaldigital.com.br\/index.php?rest_route=%2Fwp%2Fv2%2Fcategories&post=92161"},{"taxonomy":"post_tag","embeddable":true,"href":"https:\/\/diarioregionaldigital.com.br\/index.php?rest_route=%2Fwp%2Fv2%2Ftags&post=92161"}],"curies":[{"name":"wp","href":"https:\/\/api.w.org\/{rel}","templated":true}]}}