{"id":92159,"date":"2018-02-19T22:24:33","date_gmt":"2018-02-20T01:24:33","guid":{"rendered":"http:\/\/diarioregionaljf.com.br\/2018\/02\/19\/luislinda-valois-deixa-ministerio-dos-direitos-humanos\/"},"modified":"2018-02-19T22:24:33","modified_gmt":"2018-02-20T01:24:33","slug":"luislinda-valois-deixa-ministerio-dos-direitos-humanos","status":"publish","type":"post","link":"https:\/\/diarioregionaldigital.com.br\/?p=92159","title":{"rendered":"Luislinda Valois deixa Minist\u00e9rio dos Direitos Humanos"},"content":{"rendered":"<p>A ministra dos Direitos Humanos, Luislinda Valois, entregou o cargo nesta segunda-feira, 19, ao presidente Michel Temer. A informa\u00e7\u00e3o foi confirmada pelo Pal\u00e1cio do Planalto, que ainda n\u00e3o informou o motivo da demiss\u00e3o.<\/p>\n<p>De acordo com a assessoria de imprensa do Planalto, o cargo ser\u00e1 ocupado interinamente pelo subchefe de assuntos jur\u00eddicos da Casa Civil, Gustavo do Vale Rocha, que passar\u00e1 a acumular as duas fun\u00e7\u00f5es.<\/p>\n<p>Luislinda Valois estava no posto desde fevereiro de 2017, quando Temer editou uma medida provis\u00f3ria dando status de minist\u00e9rio \u00e0 secret\u00e1ria especial de Pol\u00edticas de Promo\u00e7\u00e3o da Igualdade Racial do Minist\u00e9rio da Justi\u00e7a.<\/p>\n<p>Ela era o pen\u00faltimo nome do PSDB no governo Temer desde que o ent\u00e3o ministro das Cidades, Bruno Ara\u00fajo, e o da Secretaria de Governo, Ant\u00f4nio Imbassahy, pediram exonera\u00e7\u00e3o no fim do ano passado. O ministro das Rela\u00e7\u00f5es Exteriores, Aloysio Nunes, que tamb\u00e9m \u00e9 tucano, continua no cargo.<\/p>\n<p>&nbsp;<\/p>\n<p>Fonte: Ag\u00eancia Brasil<\/p>\n","protected":false},"excerpt":{"rendered":"<p>A ministra dos Direitos Humanos, Luislinda Valois, entregou o cargo nesta segunda-feira, 19, ao presidente Michel Temer. A informa\u00e7\u00e3o foi confirmada pelo Pal\u00e1cio do Planalto, que ainda n\u00e3o informou o motivo da demiss\u00e3o. De acordo com a assessoria de imprensa do Planalto, o cargo ser\u00e1 ocupado interinamente pelo subchefe de assuntos jur\u00eddicos da Casa Civil, [&hellip;]<\/p>\n","protected":false},"author":96,"featured_media":92158,"comment_status":"closed","ping_status":"closed","sticky":false,"template":"","format":"standard","meta":{"footnotes":""},"categories":[254],"tags":[],"class_list":["post-92159","post","type-post","status-publish","format-standard","has-post-thumbnail","hentry","category-politica"],"_links":{"self":[{"href":"https:\/\/diarioregionaldigital.com.br\/index.php?rest_route=\/wp\/v2\/posts\/92159","targetHints":{"allow":["GET"]}}],"collection":[{"href":"https:\/\/diarioregionaldigital.com.br\/index.php?rest_route=\/wp\/v2\/posts"}],"about":[{"href":"https:\/\/diarioregionaldigital.com.br\/index.php?rest_route=\/wp\/v2\/types\/post"}],"author":[{"embeddable":true,"href":"https:\/\/diarioregionaldigital.com.br\/index.php?rest_route=\/wp\/v2\/users\/96"}],"replies":[{"embeddable":true,"href":"https:\/\/diarioregionaldigital.com.br\/index.php?rest_route=%2Fwp%2Fv2%2Fcomments&post=92159"}],"version-history":[{"count":0,"href":"https:\/\/diarioregionaldigital.com.br\/index.php?rest_route=\/wp\/v2\/posts\/92159\/revisions"}],"wp:featuredmedia":[{"embeddable":true,"href":"https:\/\/diarioregionaldigital.com.br\/index.php?rest_route=\/wp\/v2\/media\/92158"}],"wp:attachment":[{"href":"https:\/\/diarioregionaldigital.com.br\/index.php?rest_route=%2Fwp%2Fv2%2Fmedia&parent=92159"}],"wp:term":[{"taxonomy":"category","embeddable":true,"href":"https:\/\/diarioregionaldigital.com.br\/index.php?rest_route=%2Fwp%2Fv2%2Fcategories&post=92159"},{"taxonomy":"post_tag","embeddable":true,"href":"https:\/\/diarioregionaldigital.com.br\/index.php?rest_route=%2Fwp%2Fv2%2Ftags&post=92159"}],"curies":[{"name":"wp","href":"https:\/\/api.w.org\/{rel}","templated":true}]}}