{"id":92153,"date":"2018-02-19T22:18:43","date_gmt":"2018-02-20T01:18:43","guid":{"rendered":"http:\/\/diarioregionaljf.com.br\/2018\/02\/19\/sindicato-dos-trabalhadores-tecelagem-20-02-18\/"},"modified":"2018-08-13T20:36:46","modified_gmt":"2018-08-13T23:36:46","slug":"sindicato-dos-trabalhadores-tecelagem-20-02-18","status":"publish","type":"post","link":"https:\/\/diarioregionaldigital.com.br\/?p=92153","title":{"rendered":"Sindicato dos Trabalhadores Tecelagem 20\/02\/18"},"content":{"rendered":"<p><span class=\"btn\">EDITAL DE CONVOCA\u00c7\u00c3O DE ASSEMBL\u00c9IA GERAL EXTRAORDIN\u00c1RIA CONTRIBUI\u00c7\u00c3O SINDICAL \u2013 2018<\/span>. O SINDICATO DOS TRABALHADORES NAS IND\u00daSTRIAS DE FIA\u00c7\u00c3O E TECELAGEM DE JUIZ DE FORA, reconhecido em conformidade com o decreto-lei n\u00ba 1.402, de 05 de julho de 1939, inscrito no CNPJ sob o n\u00ba 21.605.852\/0001-82, com sede \u00e0 Rua Farmac\u00eautico Vespasiano Pinto Vieira 46, Centro, Juiz de Fora &#8211; MG, com base territorial no munic\u00edpio de Juiz de Fora, por meio de sua representante legal Sra. LUCIMAR DA SILVA, e na forma da Lei (arts. 605 e 606 da CLT e art. 7\u00ba da Lei n\u00ba 11.648\/2008), considerando que o Sindicato representa todos os trabalhadores da categoria profissional, nos termos do artigo 8\u00ba da CF\/88, e tendo em vista a nova exig\u00eancia de autoriza\u00e7\u00e3o previa e expressa prevista no art. 579 da CLT, pelo presente edital CONVOCA TODOS OS TRABALHADORES da categoria profissional, compreendendo dentre estes, trabalhadores diretos e indiretos e sob todas as forma de contrato de trabalho, SOCIOS E N\u00c3O SOCIOS da entidade, para Assembleia Geral Extraordin\u00e1ria a se realizar-se na sede social de nosso Sindicato, sito \u00e0 rua Farmac\u00eautico Vespasiano Pinto Vieira 46, Centro, Juiz de Fora, no dia 27\/02\/2018, \u00e0s 08:00 horas em primeira convoca\u00e7\u00e3o, e n\u00e3o havendo quorum, \u00e0s 08:30 horas em 2\u00aa convoca\u00e7\u00e3o, permanecendo em aberta com nova se\u00e7\u00e3o \u00e0s 18:00 horas, permitindo assim a participa\u00e7\u00e3o dos trabalhadores em turnos n\u00e3o simult\u00e2neos, a coleta de votos das duas se\u00e7\u00f5es ser\u00e3o somadas. Iremos deliberar sobre a seguinte ordem do dia: 1) Leitura do Edital de convoca\u00e7\u00e3o da Assembleia; 2) Informa\u00e7\u00e3o sobre os impactos da Reforma Trabalhista na vida do trabalhador e do Sindicato; 3) Debate sobre a forma de custeio e manuten\u00e7\u00e3o da entidade e suas atividades, com a organiza\u00e7\u00e3o e fortalecimento da luta para o enfrentamento da Reforma Trabalhista, Defesa das conquistas da categoria, do Direito do Trabalho e da Justi\u00e7a do Trabalho; 4) Autoriza\u00e7\u00e3o para as empresas efetuarem o desconto da contribui\u00e7\u00e3o sindical 2018 em folha de pagamento; 5) Leitura e aprova\u00e7\u00e3o da Ata da AGE ora convocada; 6) Encerramento. Juiz de Fora, 19 de fevereiro de 2018. Lucimar da Silva &#8211; Presidente do SINTEX\/JF.<\/p>\n","protected":false},"excerpt":{"rendered":"<p>EDITAL DE CONVOCA\u00c7\u00c3O DE ASSEMBL\u00c9IA GERAL EXTRAORDIN\u00c1RIA CONTRIBUI\u00c7\u00c3O SINDICAL \u2013 2018. O SINDICATO DOS TRABALHADORES NAS IND\u00daSTRIAS DE FIA\u00c7\u00c3O E TECELAGEM DE JUIZ DE FORA, reconhecido em conformidade com o decreto-lei n\u00ba 1.402, de 05 de julho de 1939, inscrito no CNPJ sob o n\u00ba 21.605.852\/0001-82, com sede \u00e0 Rua Farmac\u00eautico Vespasiano Pinto Vieira 46, [&hellip;]<\/p>\n","protected":false},"author":96,"featured_media":0,"comment_status":"closed","ping_status":"closed","sticky":false,"template":"","format":"standard","meta":{"footnotes":""},"categories":[307],"tags":[],"class_list":["post-92153","post","type-post","status-publish","format-standard","hentry","category-editais"],"_links":{"self":[{"href":"https:\/\/diarioregionaldigital.com.br\/index.php?rest_route=\/wp\/v2\/posts\/92153","targetHints":{"allow":["GET"]}}],"collection":[{"href":"https:\/\/diarioregionaldigital.com.br\/index.php?rest_route=\/wp\/v2\/posts"}],"about":[{"href":"https:\/\/diarioregionaldigital.com.br\/index.php?rest_route=\/wp\/v2\/types\/post"}],"author":[{"embeddable":true,"href":"https:\/\/diarioregionaldigital.com.br\/index.php?rest_route=\/wp\/v2\/users\/96"}],"replies":[{"embeddable":true,"href":"https:\/\/diarioregionaldigital.com.br\/index.php?rest_route=%2Fwp%2Fv2%2Fcomments&post=92153"}],"version-history":[{"count":0,"href":"https:\/\/diarioregionaldigital.com.br\/index.php?rest_route=\/wp\/v2\/posts\/92153\/revisions"}],"wp:attachment":[{"href":"https:\/\/diarioregionaldigital.com.br\/index.php?rest_route=%2Fwp%2Fv2%2Fmedia&parent=92153"}],"wp:term":[{"taxonomy":"category","embeddable":true,"href":"https:\/\/diarioregionaldigital.com.br\/index.php?rest_route=%2Fwp%2Fv2%2Fcategories&post=92153"},{"taxonomy":"post_tag","embeddable":true,"href":"https:\/\/diarioregionaldigital.com.br\/index.php?rest_route=%2Fwp%2Fv2%2Ftags&post=92153"}],"curies":[{"name":"wp","href":"https:\/\/api.w.org\/{rel}","templated":true}]}}