{"id":92151,"date":"2018-02-19T22:14:48","date_gmt":"2018-02-20T01:14:48","guid":{"rendered":"http:\/\/diarioregionaljf.com.br\/2018\/02\/19\/voce-pertence-a-deus\/"},"modified":"2018-04-16T08:09:55","modified_gmt":"2018-04-16T11:09:55","slug":"voce-pertence-a-deus","status":"publish","type":"post","link":"https:\/\/diarioregionaldigital.com.br\/?p=92151","title":{"rendered":"Voc\u00ea pertence a Deus"},"content":{"rendered":"<p style=\"text-align: center;\">Chamamos de Deus \u00e0 for\u00e7a misteriosa que criou o Sol, o homem, os animais, as plantas, enfim, tudo quanto existe no mundo. Podemos dizer tamb\u00e9m que \u00e9 a for\u00e7a da Natureza.<br \/>Seu corpo foi criado por Deus (ou Natureza); portanto, pertence ao Criador. Sua mente tamb\u00e9m pertence a Deus: \u00c9 atrav\u00e9s de voc\u00ea que Deus manifesta neste mundo a Sua gl\u00f3ria. Deus n\u00e3o tem outro meio a n\u00e3o ser voc\u00ea para manifestar a grandiosidade a Ele. Um grande s\u00e1bio de outrora disse: &#8220;Eu sou o caminho&#8221;. Voc\u00ea tamb\u00e9m \u00e9 o caminho. \u00c9 o caminho atrav\u00e9s do qual se manifesta a gl\u00f3ria de Deus. Atrav\u00e9s de voc\u00ea, Deus expressa a pr\u00f3pria grandiosidade. Portanto, assim como o grande s\u00e1bio de outrora, voc\u00ea tamb\u00e9m \u00e9 o caminho, a porta, por onde Deus Se revela. \u00c9 evidente, pois, que Deus criou voc\u00ea como um ser grandioso, perfeito.<br \/>Voc\u00ea n\u00e3o \u00e9 um simples mortal, e sim o caminho de Deus. Dentro de voc\u00ea existe toda for\u00e7a que Deus possui. Voc\u00ea \u00e9, portanto, um canal atrav\u00e9s do qual a for\u00e7a de Deus Se manifesta. N\u00e3o h\u00e1 outro meio de a for\u00e7a de Deus se manifestar, sen\u00e3o atrav\u00e9s de voc\u00ea. Voc\u00ea \u00e9 dotado de for\u00e7a infinita. Quanto mais for\u00e7a voc\u00ea manifestar, mais ela aumentar\u00e1. Creia nisso e se empenhe nos estudos, no trabalho, enfim, em tudo que faz. Quando voc\u00ea planta uma muda de \u00e1rvore, com certeza se alegra ao observar o crescimento dela. N\u00e3o ser\u00e1 muito maior a alegria que voc\u00ea ir\u00e1 sentir ao constatar o crescimento da for\u00e7a que existe dentro de voc\u00ea?<\/p>\n<p style=\"text-align: center;\"><span class=\"h4\">De onde vem a felicidade?<\/span><br \/>Torno a afirmar: Voc\u00ea \u00e9 a porta atrav\u00e9s da qual Deus Se manifesta.<br \/>Embora Deus abranja todas as coisas boas dentro dEle, neste mundo s\u00f3 se manifestam objetivamente coisas exteriorizadas por voc\u00ea, que \u00e9 o canal de manifesta\u00e7\u00e3o de Deus. Voc\u00ea \u00e9 testemunha da for\u00e7a infinita de Deus. \u00c9 um grande aliado de Deus. Por isso, se voc\u00ea se empenhar em trazer \u00e0 tona a for\u00e7a infinita que existe em seu interior, com certeza Deus Se regozijar\u00e1, zelar\u00e1 por voc\u00ea demonstrando grande carinho, e far\u00e1 com que a sua for\u00e7a interior se manifeste cada vez mais. Diz-se evolu\u00e7\u00e3o ou desenvolvimento ao fato de ocorrer aumento da for\u00e7a e da capacidade j\u00e1 existentes. A Seicho-No-Ie n\u00e3o \u00e9 uma cren\u00e7a falsa que se op\u00f5e \u00e0 teoria da evolu\u00e7\u00e3o.<br \/>Deus \u00e9 a fonte da for\u00e7a infinita, e voc\u00ea \u00e9 um canal por onde essa for\u00e7a se manifesta. Portanto, quanto mais voc\u00ea trabalhar ou estudar, com maior vigor a sua for\u00e7a se manifestar\u00e1; em consequ\u00eancia, voc\u00ea se desenvolver\u00e1 e progredir\u00e1 cada vez mais, o que ser\u00e1 motivo de alegria para Deus que habita o seu interior.<br \/>Quando Deus alojado em seu interior Se alegra, voc\u00ea se sente feliz, e acha que vale a pena viver. Se atualmente sofre de alguma doen\u00e7a, recuperar\u00e1 a sa\u00fade; se \u00e9 sadio, tornar-se-\u00e1 mais vigoroso, repleto de entusiasmo; contar\u00e1 com a simpatia de todos e conseguir\u00e1 o \u00eaxito que deseja na vida.<\/p>\n","protected":false},"excerpt":{"rendered":"<p>Chamamos de Deus \u00e0 for\u00e7a misteriosa que criou o Sol, o homem, os animais, as plantas, enfim, tudo quanto existe no mundo. Podemos dizer tamb\u00e9m que \u00e9 a for\u00e7a da Natureza.Seu corpo foi criado por Deus (ou Natureza); portanto, pertence ao Criador. Sua mente tamb\u00e9m pertence a Deus: \u00c9 atrav\u00e9s de voc\u00ea que Deus manifesta [&hellip;]<\/p>\n","protected":false},"author":96,"featured_media":0,"comment_status":"closed","ping_status":"closed","sticky":false,"template":"","format":"standard","meta":{"footnotes":""},"categories":[263],"tags":[],"class_list":["post-92151","post","type-post","status-publish","format-standard","hentry","category-jane-aragao"],"_links":{"self":[{"href":"https:\/\/diarioregionaldigital.com.br\/index.php?rest_route=\/wp\/v2\/posts\/92151","targetHints":{"allow":["GET"]}}],"collection":[{"href":"https:\/\/diarioregionaldigital.com.br\/index.php?rest_route=\/wp\/v2\/posts"}],"about":[{"href":"https:\/\/diarioregionaldigital.com.br\/index.php?rest_route=\/wp\/v2\/types\/post"}],"author":[{"embeddable":true,"href":"https:\/\/diarioregionaldigital.com.br\/index.php?rest_route=\/wp\/v2\/users\/96"}],"replies":[{"embeddable":true,"href":"https:\/\/diarioregionaldigital.com.br\/index.php?rest_route=%2Fwp%2Fv2%2Fcomments&post=92151"}],"version-history":[{"count":0,"href":"https:\/\/diarioregionaldigital.com.br\/index.php?rest_route=\/wp\/v2\/posts\/92151\/revisions"}],"wp:attachment":[{"href":"https:\/\/diarioregionaldigital.com.br\/index.php?rest_route=%2Fwp%2Fv2%2Fmedia&parent=92151"}],"wp:term":[{"taxonomy":"category","embeddable":true,"href":"https:\/\/diarioregionaldigital.com.br\/index.php?rest_route=%2Fwp%2Fv2%2Fcategories&post=92151"},{"taxonomy":"post_tag","embeddable":true,"href":"https:\/\/diarioregionaldigital.com.br\/index.php?rest_route=%2Fwp%2Fv2%2Ftags&post=92151"}],"curies":[{"name":"wp","href":"https:\/\/api.w.org\/{rel}","templated":true}]}}