{"id":92150,"date":"2018-02-19T22:13:33","date_gmt":"2018-02-20T01:13:33","guid":{"rendered":"http:\/\/diarioregionaljf.com.br\/2018\/02\/19\/pjf-discute-revitalizacao-da-praca-do-riachuelo-com-representantes-de-shopping\/"},"modified":"2018-02-19T22:13:33","modified_gmt":"2018-02-20T01:13:33","slug":"pjf-discute-revitalizacao-da-praca-do-riachuelo-com-representantes-de-shopping","status":"publish","type":"post","link":"https:\/\/diarioregionaldigital.com.br\/?p=92150","title":{"rendered":"PJF discute revitaliza\u00e7\u00e3o da Pra\u00e7a do Riachuelo com representantes de shopping"},"content":{"rendered":"<p>Representantes da Prefeitura de Juiz de Fora (PJF) se reuniram, na tarde desta segunda-feira, 19, com representantes do Santa Cruz Shopping para iniciarem tratativas sobre a revitaliza\u00e7\u00e3o da Pra\u00e7a do Riachuelo. No encontro, o secret\u00e1rio de Governo da PJF, Jos\u00e9 S\u00f3ter de Figueir\u00f4a, ponderou sobre a import\u00e2ncia da participa\u00e7\u00e3o de todos. \u201cOs titulares da Empresa Municipal de Pavimenta\u00e7\u00e3o (Empav) e da Secretaria de Planejamento e Gest\u00e3o (Seplag) sa\u00edram da reuni\u00e3o com a miss\u00e3o de se debru\u00e7arem sobre as possibilidades de parceria com o shopping, considerando os aspectos legais e, claro, quais as eventuais contrapartidas da PJF. \u00c9 muito importante quando a iniciativa privada procura o Poder P\u00fablico a fim de firmar parcerias que s\u00e3o ben\u00e9ficas para a popula\u00e7\u00e3o\u201d. Um novo encontro foi agendado para o in\u00edcio de mar\u00e7o.<\/p>\n<p>\u201cFomos bem recebidos e a reuni\u00e3o foi muito positiva. Estamos oferecendo uma parceria no que for poss\u00edvel dentro das condi\u00e7\u00f5es do shopping para melhorar a pra\u00e7a\u201d, avaliou o lojista Marco Ant\u00f4nio Machado. Tamb\u00e9m participaram da reuni\u00e3o, representantes das secretarias de Desenvolvimento Econ\u00f4mico, Trabalho e Turismo (Sedettur), Administra\u00e7\u00e3o e Recursos Humanos (SARH), Seguran\u00e7a Urbana e Cidadania (Sesuc) e Guarda Municipal.<\/p>\n<p>&nbsp;<\/p>\n<p>Fonte: Assessoria<\/p>\n","protected":false},"excerpt":{"rendered":"<p>Representantes da Prefeitura de Juiz de Fora (PJF) se reuniram, na tarde desta segunda-feira, 19, com representantes do Santa Cruz Shopping para iniciarem tratativas sobre a revitaliza\u00e7\u00e3o da Pra\u00e7a do Riachuelo. No encontro, o secret\u00e1rio de Governo da PJF, Jos\u00e9 S\u00f3ter de Figueir\u00f4a, ponderou sobre a import\u00e2ncia da participa\u00e7\u00e3o de todos. \u201cOs titulares da Empresa [&hellip;]<\/p>\n","protected":false},"author":96,"featured_media":92149,"comment_status":"closed","ping_status":"closed","sticky":false,"template":"","format":"standard","meta":{"footnotes":""},"categories":[253],"tags":[],"class_list":["post-92150","post","type-post","status-publish","format-standard","has-post-thumbnail","hentry","category-cidade"],"_links":{"self":[{"href":"https:\/\/diarioregionaldigital.com.br\/index.php?rest_route=\/wp\/v2\/posts\/92150","targetHints":{"allow":["GET"]}}],"collection":[{"href":"https:\/\/diarioregionaldigital.com.br\/index.php?rest_route=\/wp\/v2\/posts"}],"about":[{"href":"https:\/\/diarioregionaldigital.com.br\/index.php?rest_route=\/wp\/v2\/types\/post"}],"author":[{"embeddable":true,"href":"https:\/\/diarioregionaldigital.com.br\/index.php?rest_route=\/wp\/v2\/users\/96"}],"replies":[{"embeddable":true,"href":"https:\/\/diarioregionaldigital.com.br\/index.php?rest_route=%2Fwp%2Fv2%2Fcomments&post=92150"}],"version-history":[{"count":0,"href":"https:\/\/diarioregionaldigital.com.br\/index.php?rest_route=\/wp\/v2\/posts\/92150\/revisions"}],"wp:featuredmedia":[{"embeddable":true,"href":"https:\/\/diarioregionaldigital.com.br\/index.php?rest_route=\/wp\/v2\/media\/92149"}],"wp:attachment":[{"href":"https:\/\/diarioregionaldigital.com.br\/index.php?rest_route=%2Fwp%2Fv2%2Fmedia&parent=92150"}],"wp:term":[{"taxonomy":"category","embeddable":true,"href":"https:\/\/diarioregionaldigital.com.br\/index.php?rest_route=%2Fwp%2Fv2%2Fcategories&post=92150"},{"taxonomy":"post_tag","embeddable":true,"href":"https:\/\/diarioregionaldigital.com.br\/index.php?rest_route=%2Fwp%2Fv2%2Ftags&post=92150"}],"curies":[{"name":"wp","href":"https:\/\/api.w.org\/{rel}","templated":true}]}}