{"id":92148,"date":"2018-02-19T22:13:18","date_gmt":"2018-02-20T01:13:18","guid":{"rendered":"http:\/\/diarioregionaljf.com.br\/2018\/02\/19\/em-primeiro-lugar\/"},"modified":"2018-02-19T22:13:18","modified_gmt":"2018-02-20T01:13:18","slug":"em-primeiro-lugar","status":"publish","type":"post","link":"https:\/\/diarioregionaldigital.com.br\/?p=92148","title":{"rendered":"Em Primeiro Lugar"},"content":{"rendered":"<p style=\"text-align: center;\"><span class=\"h4\">Cria\u00e7\u00e3o Coletiva<\/span><br \/>O que se viu no desfiles das escolas de samba do Rio de Janeiro e S\u00e3o Paulo revelou a beleza da cria\u00e7\u00e3o coletiva. Marceneiros, ferreiros, costureiras, pintores, soldadores e figurinista. A beleza que se v\u00ea em evolu\u00e7\u00e3o na Passarela do Samba \u00e9 constru\u00edda por dezenas de m\u00e3os, num mundo que esconde meses a fio dentro dos barrac\u00f5es. S\u00e3o processos art\u00edsticos que se somam para deslumbrar o p\u00fablico. S\u00e3o obras coletivas com muitas camadas de criatividade. Palmas para eles.<\/p>\n<p style=\"text-align: center;\"><span class=\"h4\">Quaresma<\/span><br \/>Estamos em plena quaresma e a novidade \u00e9 que, preocupado com o impacto do pre\u00e7o do g\u00e1s no bolso da popula\u00e7\u00e3o de baixa renda, o governo estuda tr\u00eas medidas que poderiam aliviar o or\u00e7amento dessas fam\u00edlias: reduzir a carga tribut\u00e1ria do GLP, recriar o Vale G\u00e1s ou reajustar o benef\u00edcio do Bolsa Fam\u00edlia. Estudos t\u00e9cnicos sobre o assunto ser\u00e3o feitos, para que se chegue a uma solu\u00e7\u00e3o at\u00e9 o fim de mar\u00e7o.<\/p>\n<p style=\"text-align: center;\"><span class=\"h4\">Em Primeiro Lugar<\/span><br \/>Conduzindo para tecnologia, a Startup Imersa, uma das empresas incubadas no Critt, da UFJF, foi a vencedora da segunda etapa do programa Campus Mobile (categoria facilidades) promovido pelo Instituto Nel Claro Embratel. Na sexta edi\u00e7\u00e3o, foram inscritos cerca de 600 projetos de 22 estados.<\/p>\n<p style=\"text-align: center;\"><span class=\"h4\">Realeza<\/span><br \/>O monarquista Ohannes Kabderian abriu os sal\u00f5es de seu bem decorado ap\u00ea na rua Halfeld para fin\u00edssimo almo\u00e7o em torno do pr\u00edncipe dom Francisco de Orleans e Bragan\u00e7a, que estava de passagem por Juiz de Fora. Ajudando a receber, o monarquista e livreiro Jean Menezes do Carmo.<\/p>\n<p style=\"text-align: center;\"><span class=\"h4\">Palestra<\/span><br \/>O Caf\u00e9 Filos\u00f3fico, programa desenvolvido pelo Pensando Bem-N\u00facleo de Pesquisa em Filosofia e Educa\u00e7\u00e3o &#8211; UFJF, promove palestra inaugural de suas atividades em 2018, com tema interessante. No dia 23 de fevereiro (sexta-feira), \u00e0s 19h, ser\u00e1 desenvolvido o tema \u201cA Arte de Bem Pensar a Vida e o Sentido de Viver\u201d. O cen\u00e1rio ser\u00e1 a Biblioteca Redentorista com pl\u00e1 do psic\u00f3logo e professor Padre Dalton Barros.<\/p>\n<p style=\"text-align: center;\"><span class=\"h4\">Solenidade<\/span><br \/>Passado o carnaval, o calend\u00e1rio social deste colunista aponta para o dia 21 de fevereiro, a solenidade de comemora\u00e7\u00e3o dos 73 anos da Tomada de Monte Castelo, na Pra\u00e7a do Riachuelo. Para o solene momento, estar\u00e1 a postos recebendo civis e militares, o comandante da 4\u00aa Brigada, general Carlos Andr\u00e9 Alc\u00e2ntara Leite.<\/p>\n<p style=\"text-align: center;\"><img decoding=\"async\" class=\" size-full wp-image-92140\" src=\"http:\/\/diarioregionaljf.com.br\/wp-content\/uploads\/2018\/02\/diario-int-24284-1.jpg\" alt=\"fotoa.jpg\" width=\"680\" style=\"display: block; margin-left: auto; margin-right: auto;\" srcset=\"https:\/\/diarioregionaldigital.com.br\/wp-content\/uploads\/2018\/02\/diario-int-24284-1.jpg 680w, https:\/\/diarioregionaldigital.com.br\/wp-content\/uploads\/2018\/02\/diario-int-24284-1-300x198.jpg 300w, https:\/\/diarioregionaldigital.com.br\/wp-content\/uploads\/2018\/02\/diario-int-24284-1-360x238.jpg 360w\" sizes=\"(max-width: 680px) 100vw, 680px\" \/>Comemorando o sucesso dos shows no Carnaval e do CD Banho de F\u00e9, a diva Sandra Portella com seu f\u00e3 n\u00ba 1 Eduardo Gomes e a linda Waleska Rom\u00e3o<\/p>\n<p style=\"text-align: center;\"><img decoding=\"async\" class=\" size-full wp-image-92141\" src=\"http:\/\/diarioregionaljf.com.br\/wp-content\/uploads\/2018\/02\/diario-int-24284-2.jpg\" alt=\"fotoaa.jpg\" width=\"680\" style=\"display: block; margin-left: auto; margin-right: auto;\" srcset=\"https:\/\/diarioregionaldigital.com.br\/wp-content\/uploads\/2018\/02\/diario-int-24284-2.jpg 680w, https:\/\/diarioregionaldigital.com.br\/wp-content\/uploads\/2018\/02\/diario-int-24284-2-300x199.jpg 300w, https:\/\/diarioregionaldigital.com.br\/wp-content\/uploads\/2018\/02\/diario-int-24284-2-360x238.jpg 360w\" sizes=\"(max-width: 680px) 100vw, 680px\" \/>O artista pl\u00e1stico Ricardo Barcellos, destaque total em Juiz de Fora e regi\u00e3o<\/p>\n<p style=\"text-align: center;\"><img decoding=\"async\" class=\" size-full wp-image-92142\" src=\"http:\/\/diarioregionaljf.com.br\/wp-content\/uploads\/2018\/02\/diario-int-24284-3.jpg\" alt=\"fotob.jpg\" width=\"680\" style=\"display: block; margin-left: auto; margin-right: auto;\" srcset=\"https:\/\/diarioregionaldigital.com.br\/wp-content\/uploads\/2018\/02\/diario-int-24284-3.jpg 680w, https:\/\/diarioregionaldigital.com.br\/wp-content\/uploads\/2018\/02\/diario-int-24284-3-300x243.jpg 300w, https:\/\/diarioregionaldigital.com.br\/wp-content\/uploads\/2018\/02\/diario-int-24284-3-360x291.jpg 360w\" sizes=\"(max-width: 680px) 100vw, 680px\" \/>Aniversariante de destaque da semana, o universit\u00e1rio Raphael Koch Torres<\/p>\n<p style=\"text-align: center;\"><img decoding=\"async\" class=\" size-full wp-image-92143\" src=\"http:\/\/diarioregionaljf.com.br\/wp-content\/uploads\/2018\/02\/diario-int-24284-4.jpg\" alt=\"fotobb.jpg\" width=\"680\" style=\"display: block; margin-left: auto; margin-right: auto;\" srcset=\"https:\/\/diarioregionaldigital.com.br\/wp-content\/uploads\/2018\/02\/diario-int-24284-4.jpg 680w, https:\/\/diarioregionaldigital.com.br\/wp-content\/uploads\/2018\/02\/diario-int-24284-4-300x199.jpg 300w, https:\/\/diarioregionaldigital.com.br\/wp-content\/uploads\/2018\/02\/diario-int-24284-4-360x238.jpg 360w\" sizes=\"(max-width: 680px) 100vw, 680px\" \/>Em Rio Preto em ritmo de f\u00e9rias na fazenda, Rodrigo Motta e Wellington Soares<\/p>\n<p style=\"text-align: center;\"><img decoding=\"async\" class=\" size-full wp-image-92144\" src=\"http:\/\/diarioregionaljf.com.br\/wp-content\/uploads\/2018\/02\/diario-int-24284-5.jpg\" alt=\"fotoe.jpg\" width=\"680\" style=\"display: block; margin-left: auto; margin-right: auto;\" srcset=\"https:\/\/diarioregionaldigital.com.br\/wp-content\/uploads\/2018\/02\/diario-int-24284-5.jpg 680w, https:\/\/diarioregionaldigital.com.br\/wp-content\/uploads\/2018\/02\/diario-int-24284-5-300x199.jpg 300w, https:\/\/diarioregionaldigital.com.br\/wp-content\/uploads\/2018\/02\/diario-int-24284-5-360x238.jpg 360w\" sizes=\"(max-width: 680px) 100vw, 680px\" \/>O empoderamento do produtor&nbsp;&nbsp;Diley Almeida com a top Larissa Cheuem, no mundinho&nbsp;&nbsp;fashion de Juiz&nbsp;de Fora<\/p>\n<p style=\"text-align: center;\"><img decoding=\"async\" class=\" size-full wp-image-92145\" src=\"http:\/\/diarioregionaljf.com.br\/wp-content\/uploads\/2018\/02\/diario-int-24284-6.jpg\" alt=\"fotof.jpg\" width=\"680\" style=\"display: block; margin-left: auto; margin-right: auto;\" srcset=\"https:\/\/diarioregionaldigital.com.br\/wp-content\/uploads\/2018\/02\/diario-int-24284-6.jpg 680w, https:\/\/diarioregionaldigital.com.br\/wp-content\/uploads\/2018\/02\/diario-int-24284-6-300x199.jpg 300w, https:\/\/diarioregionaldigital.com.br\/wp-content\/uploads\/2018\/02\/diario-int-24284-6-360x238.jpg 360w\" sizes=\"(max-width: 680px) 100vw, 680px\" \/>Absoluta na Assunta, a 1\u00aa dama da by Candy Nayane Neto<\/p>\n<p style=\"text-align: center;\"><img decoding=\"async\" class=\" size-full wp-image-92146\" src=\"http:\/\/diarioregionaljf.com.br\/wp-content\/uploads\/2018\/02\/diario-int-24284-7.jpg\" alt=\"fotog.jpg\" width=\"680\" style=\"display: block; margin-left: auto; margin-right: auto;\" srcset=\"https:\/\/diarioregionaldigital.com.br\/wp-content\/uploads\/2018\/02\/diario-int-24284-7.jpg 680w, https:\/\/diarioregionaldigital.com.br\/wp-content\/uploads\/2018\/02\/diario-int-24284-7-300x199.jpg 300w, https:\/\/diarioregionaldigital.com.br\/wp-content\/uploads\/2018\/02\/diario-int-24284-7-360x238.jpg 360w\" sizes=\"(max-width: 680px) 100vw, 680px\" \/>No Funny fest, o alto astral de Nayara Petrato Marques e o jornalista e apresentador Petterson Marciano<\/p>\n<p style=\"text-align: center;\"><img decoding=\"async\" class=\" size-full wp-image-92147\" src=\"http:\/\/diarioregionaljf.com.br\/wp-content\/uploads\/2018\/02\/diario-int-24284-8.jpg\" alt=\"fotoh.jpg\" width=\"680\" style=\"display: block; margin-left: auto; margin-right: auto;\" srcset=\"https:\/\/diarioregionaldigital.com.br\/wp-content\/uploads\/2018\/02\/diario-int-24284-8.jpg 680w, https:\/\/diarioregionaldigital.com.br\/wp-content\/uploads\/2018\/02\/diario-int-24284-8-300x199.jpg 300w, https:\/\/diarioregionaldigital.com.br\/wp-content\/uploads\/2018\/02\/diario-int-24284-8-360x238.jpg 360w\" sizes=\"(max-width: 680px) 100vw, 680px\" \/>No ver\u00e3o do Rio de Janeiro, no Bar do Ad\u00e3o na Tijuca, J\u00falio Sampaio, Cristiane Souza Gon\u00e7alves e Douglas Fasolato<\/p>\n<p class=\"h4\" style=\"text-align: center;\">FOTOSS\u00cdNTESE<\/p>\n<p>Com muito colorido, a Festa Neon volta no dia 24 de fevereiro, \u00e0s 23h, no Muzik. A 3\u00aa edi\u00e7\u00e3o vem com rol\u00ea e Hits + Neon + Brilho.<\/p>\n<p>Gabriel Carelli reinou absoluto no carnaval de Ewbank da C\u00e2mara. J\u00e1 em Rio Novo, Igor Juliani foi absoluto no desfile da Mocidade Dependente de Rio Novo. Em tr\u00eas Rios, Fabinho Esteves colocou a Bambas do Ritmo para desfilar e Erika Beire arrasou nos blocos em Guarani.<\/p>\n<p>Coordenada pelos m\u00e9dicos Eduardo Siqueira, Guilherme C\u00f4rtes, Rodrigo Daniel, Frederico Povoa, Gustavo Ferreira, Gl\u00e1ucio Souza, Juliana Ferreira e F\u00e1bio Pace, foi muito produtiva a mesa redonda sobre febre amarela realizado na Santa Casa de Juiz de Fora.<\/p>\n<p>Formando um lindo par no circuito social, Lu\u00eds Fernando (Lufe) Sirimarco e \u00c9rica Salazar.<\/p>\n<p>O cantor juiz-forano Thiago Miranda abalou as estruturas no Rio Scenarium na cena musical na terra carioca. Com ele, o Bloco Escangalha e a bateria da Beija-Flor.<\/p>\n<p>O Museu de Cultura Popular, do Forum da Cultura da UFJF, est\u00e1 com linda mostra \u201cSenhora das \u00c1guas\u201d, dedicada a duas figuras religiosas: Iemanj\u00e1 e Nossa Senhora dos Navegantes, cultuadas como entidades de prote\u00e7\u00e3o dos pescadores e navegantes. At\u00e9 2 de mar\u00e7o.<\/p>\n<p>Duas mulheres s\u00e3o dignas de elogios no carnaval 2018. Em Juiz de Fora brilha dona Nair (98 anos) que desfilou no Bloco Recordar \u00e9 Viver. No Rio, Tia Maria (97 anos) desfilou no Imp\u00e9rio Serrano com o Jongo da Serrinha no cora\u00e7\u00e3o.<\/p>\n<p>Para comemorar seus 83 anos, Frederico Godinho com Wanda circulou em Gramado &#8211; Canela (RS), com muito chimarr\u00e3o e alto astral.<\/p>\n<p>\u00c2ngela Marta Costa e Rita Ribeiro (ex-Telemig) arrasaram no baile a fantasia \u201cCascafolia dos Malandros\u201d, no Clube Cascatinha. O tom musical foi da Banda Daki.<\/p>\n<p>Para exercer a fun\u00e7\u00e3o de \u2018head bartender\u2019, o din\u00e2mico Henrique Passos Miguel assumiu este posto na Churrasqueira.<\/p>\n<p>Retornando de estudos nos Estados Unidos, a renomada m\u00e9dica ginecologista Denise Drumond.<\/p>\n<p>Marc\u00edlio Gomes, Gra\u00e7a Loures e Maria Helena Macedo (Diretora Social) prestigiaram a matin\u00ea de carnaval no C\u00edrculo Militar.<\/p>\n<p>Helenise Machado j\u00e1 regressou de Cabo Frio e Lucas Lorhan de Salvador.<\/p>\n<p>Para reagir: \u201cA beleza pode ser vista em todas as coisas mas ver e compor a beleza \u00e9 o que separa a simples imagem da fotografia\u201d (Jo\u00e3o Marcos &#8211; fot\u00f3grafo) Bom dia!<\/p>\n","protected":false},"excerpt":{"rendered":"<p>Cria\u00e7\u00e3o ColetivaO que se viu no desfiles das escolas de samba do Rio de Janeiro e S\u00e3o Paulo revelou a beleza da cria\u00e7\u00e3o coletiva. Marceneiros, ferreiros, costureiras, pintores, soldadores e figurinista. A beleza que se v\u00ea em evolu\u00e7\u00e3o na Passarela do Samba \u00e9 constru\u00edda por dezenas de m\u00e3os, num mundo que esconde meses a fio [&hellip;]<\/p>\n","protected":false},"author":96,"featured_media":92139,"comment_status":"closed","ping_status":"closed","sticky":false,"template":"","format":"standard","meta":{"footnotes":""},"categories":[264],"tags":[],"class_list":["post-92148","post","type-post","status-publish","format-standard","has-post-thumbnail","hentry","category-eduardo-gomes"],"_links":{"self":[{"href":"https:\/\/diarioregionaldigital.com.br\/index.php?rest_route=\/wp\/v2\/posts\/92148","targetHints":{"allow":["GET"]}}],"collection":[{"href":"https:\/\/diarioregionaldigital.com.br\/index.php?rest_route=\/wp\/v2\/posts"}],"about":[{"href":"https:\/\/diarioregionaldigital.com.br\/index.php?rest_route=\/wp\/v2\/types\/post"}],"author":[{"embeddable":true,"href":"https:\/\/diarioregionaldigital.com.br\/index.php?rest_route=\/wp\/v2\/users\/96"}],"replies":[{"embeddable":true,"href":"https:\/\/diarioregionaldigital.com.br\/index.php?rest_route=%2Fwp%2Fv2%2Fcomments&post=92148"}],"version-history":[{"count":0,"href":"https:\/\/diarioregionaldigital.com.br\/index.php?rest_route=\/wp\/v2\/posts\/92148\/revisions"}],"wp:featuredmedia":[{"embeddable":true,"href":"https:\/\/diarioregionaldigital.com.br\/index.php?rest_route=\/wp\/v2\/media\/92139"}],"wp:attachment":[{"href":"https:\/\/diarioregionaldigital.com.br\/index.php?rest_route=%2Fwp%2Fv2%2Fmedia&parent=92148"}],"wp:term":[{"taxonomy":"category","embeddable":true,"href":"https:\/\/diarioregionaldigital.com.br\/index.php?rest_route=%2Fwp%2Fv2%2Fcategories&post=92148"},{"taxonomy":"post_tag","embeddable":true,"href":"https:\/\/diarioregionaldigital.com.br\/index.php?rest_route=%2Fwp%2Fv2%2Ftags&post=92148"}],"curies":[{"name":"wp","href":"https:\/\/api.w.org\/{rel}","templated":true}]}}