{"id":92136,"date":"2018-02-19T21:25:34","date_gmt":"2018-02-20T00:25:34","guid":{"rendered":"http:\/\/diarioregionaljf.com.br\/2018\/02\/19\/chuvas-devem-continuar-na-zona-da-mata-ate-o-final-da-semana\/"},"modified":"2018-02-19T21:25:34","modified_gmt":"2018-02-20T00:25:34","slug":"chuvas-devem-continuar-na-zona-da-mata-ate-o-final-da-semana","status":"publish","type":"post","link":"https:\/\/diarioregionaldigital.com.br\/?p=92136","title":{"rendered":"Chuvas devem continuar na Zona da Mata at\u00e9 o final da semana"},"content":{"rendered":"<p>As chuvas devem permanecer na Zona da Mata at\u00e9 o pr\u00f3ximo s\u00e1bado, 24. A informa\u00e7\u00e3o foi confirmada pelo meteorologista do 5\u00ba Distrito do Instituto Nacional de Meteorologia (Inmet), Luiz Ladeia. \u201cEssas pancadas de chuva foram ocasionadas por uma \u00e1rea de instabilidade, que veio do estado de S\u00e3o Paulo e agora chegou a Minas Gerais, e deve atuar pelo estado at\u00e9 o s\u00e1bado. Na pr\u00f3xima semana, o tempo deve melhorar\u201d, afirmou o especialista.<\/p>\n<p>Nesta ter\u00e7a-feira, 20, a previs\u00e3o para Juiz de Fora \u00e9 que o sol surja pela manh\u00e3 entre nuvens, mas o tempo ir\u00e1 fechar no per\u00edodo da tarde. \u201cA temperatura m\u00e1xima ser\u00e1 de 32\u00b0C e a m\u00ednima de 17\u00b0C. J\u00e1 a umidade relativa do ar registrar\u00e1 95% pela manh\u00e3 e 50% a tarde\u201d, esclareceu Ladeia.<\/p>\n<p>O especialista afirmou que a partir de quarta-feira, 21, para o munic\u00edpio, a previs\u00e3o \u00e9 que c\u00e9u fique mais encoberto. \u201cNa quarta e na quinta h\u00e1 possibilidade de chuvas e na sexta o c\u00e9u ficar\u00e1 apenas encoberto, sem previs\u00e3o de chuvas. No dia 21, a temperatura vai variar entre 21\u00b0C e 30\u00b0C; na quinta, entre 21\u00b0C e 27\u00b0C e na sexta 20\u00b0C e 22\u00b0C\u201d, finalizou.<\/p>\n","protected":false},"excerpt":{"rendered":"<p>As chuvas devem permanecer na Zona da Mata at\u00e9 o pr\u00f3ximo s\u00e1bado, 24. A informa\u00e7\u00e3o foi confirmada pelo meteorologista do 5\u00ba Distrito do Instituto Nacional de Meteorologia (Inmet), Luiz Ladeia. \u201cEssas pancadas de chuva foram ocasionadas por uma \u00e1rea de instabilidade, que veio do estado de S\u00e3o Paulo e agora chegou a Minas Gerais, e [&hellip;]<\/p>\n","protected":false},"author":96,"featured_media":92135,"comment_status":"closed","ping_status":"closed","sticky":false,"template":"","format":"standard","meta":{"footnotes":""},"categories":[253],"tags":[],"class_list":["post-92136","post","type-post","status-publish","format-standard","has-post-thumbnail","hentry","category-cidade"],"_links":{"self":[{"href":"https:\/\/diarioregionaldigital.com.br\/index.php?rest_route=\/wp\/v2\/posts\/92136","targetHints":{"allow":["GET"]}}],"collection":[{"href":"https:\/\/diarioregionaldigital.com.br\/index.php?rest_route=\/wp\/v2\/posts"}],"about":[{"href":"https:\/\/diarioregionaldigital.com.br\/index.php?rest_route=\/wp\/v2\/types\/post"}],"author":[{"embeddable":true,"href":"https:\/\/diarioregionaldigital.com.br\/index.php?rest_route=\/wp\/v2\/users\/96"}],"replies":[{"embeddable":true,"href":"https:\/\/diarioregionaldigital.com.br\/index.php?rest_route=%2Fwp%2Fv2%2Fcomments&post=92136"}],"version-history":[{"count":0,"href":"https:\/\/diarioregionaldigital.com.br\/index.php?rest_route=\/wp\/v2\/posts\/92136\/revisions"}],"wp:featuredmedia":[{"embeddable":true,"href":"https:\/\/diarioregionaldigital.com.br\/index.php?rest_route=\/wp\/v2\/media\/92135"}],"wp:attachment":[{"href":"https:\/\/diarioregionaldigital.com.br\/index.php?rest_route=%2Fwp%2Fv2%2Fmedia&parent=92136"}],"wp:term":[{"taxonomy":"category","embeddable":true,"href":"https:\/\/diarioregionaldigital.com.br\/index.php?rest_route=%2Fwp%2Fv2%2Fcategories&post=92136"},{"taxonomy":"post_tag","embeddable":true,"href":"https:\/\/diarioregionaldigital.com.br\/index.php?rest_route=%2Fwp%2Fv2%2Ftags&post=92136"}],"curies":[{"name":"wp","href":"https:\/\/api.w.org\/{rel}","templated":true}]}}