{"id":92133,"date":"2018-02-19T20:37:05","date_gmt":"2018-02-19T23:37:05","guid":{"rendered":"http:\/\/diarioregionaljf.com.br\/2018\/02\/19\/crime-cometido-em-evento-esportivo-ou-cultural-podera-ter-pena-maior\/"},"modified":"2018-02-19T20:37:05","modified_gmt":"2018-02-19T23:37:05","slug":"crime-cometido-em-evento-esportivo-ou-cultural-podera-ter-pena-maior","status":"publish","type":"post","link":"https:\/\/diarioregionaldigital.com.br\/?p=92133","title":{"rendered":"Crime cometido em evento esportivo ou cultural poder\u00e1 ter pena maior"},"content":{"rendered":"<p>O crime cometido durante ou por ocasi\u00e3o de evento esportivo ou cultural, como jogos de futebol ou shows, poder\u00e1 agravar a pena do r\u00e9u. A medida consta no Projeto de Lei 8552\/17, do deputado Tiririca (PR-SP), em tramita\u00e7\u00e3o na C\u00e2mara dos Deputados.<\/p>\n<p>O projeto altera o C\u00f3digo Penal (Decreto-Lei 2.848\/40). A lei j\u00e1 prev\u00ea algumas situa\u00e7\u00f5es consideradas agravantes da pena do criminoso, como a reincid\u00eancia, o emprego de fogo e explosivo, ou por motivo f\u00fatil ou torpe.<\/p>\n<p>Para Tiririca, os crimes cometidos em est\u00e1dios de futebol ou eventos culturais devem ter o mesmo tratamento. Ele argumenta que o Estado deve tomar as medidas necess\u00e1rias para garantir o exerc\u00edcio pleno dos direitos culturais, que est\u00e3o previstos na Constitui\u00e7\u00e3o. \u201cE tais medidas, em nossa vis\u00e3o, devem passar, tamb\u00e9m, pela puni\u00e7\u00e3o mais rigorosa daqueles que cometem crimes em eventos culturais ou esportivos\u201d, disse.<\/p>\n<h4>&nbsp;<\/h4>\n<h4>TRAMITA\u00c7\u00c3O<\/h4>\n<p>O PL 8552\/17 ser\u00e1 analisado em car\u00e1ter conclusivo pela Comiss\u00e3o de Constitui\u00e7\u00e3o e Justi\u00e7a e de Cidadania.<\/p>\n<p>Fonte: Ag\u00eancia C\u00e2mara Not\u00edcias<\/p>\n","protected":false},"excerpt":{"rendered":"<p>O crime cometido durante ou por ocasi\u00e3o de evento esportivo ou cultural, como jogos de futebol ou shows, poder\u00e1 agravar a pena do r\u00e9u. A medida consta no Projeto de Lei 8552\/17, do deputado Tiririca (PR-SP), em tramita\u00e7\u00e3o na C\u00e2mara dos Deputados. O projeto altera o C\u00f3digo Penal (Decreto-Lei 2.848\/40). A lei j\u00e1 prev\u00ea algumas [&hellip;]<\/p>\n","protected":false},"author":96,"featured_media":92132,"comment_status":"closed","ping_status":"closed","sticky":false,"template":"","format":"standard","meta":{"footnotes":""},"categories":[254],"tags":[],"class_list":["post-92133","post","type-post","status-publish","format-standard","has-post-thumbnail","hentry","category-politica"],"_links":{"self":[{"href":"https:\/\/diarioregionaldigital.com.br\/index.php?rest_route=\/wp\/v2\/posts\/92133","targetHints":{"allow":["GET"]}}],"collection":[{"href":"https:\/\/diarioregionaldigital.com.br\/index.php?rest_route=\/wp\/v2\/posts"}],"about":[{"href":"https:\/\/diarioregionaldigital.com.br\/index.php?rest_route=\/wp\/v2\/types\/post"}],"author":[{"embeddable":true,"href":"https:\/\/diarioregionaldigital.com.br\/index.php?rest_route=\/wp\/v2\/users\/96"}],"replies":[{"embeddable":true,"href":"https:\/\/diarioregionaldigital.com.br\/index.php?rest_route=%2Fwp%2Fv2%2Fcomments&post=92133"}],"version-history":[{"count":0,"href":"https:\/\/diarioregionaldigital.com.br\/index.php?rest_route=\/wp\/v2\/posts\/92133\/revisions"}],"wp:featuredmedia":[{"embeddable":true,"href":"https:\/\/diarioregionaldigital.com.br\/index.php?rest_route=\/wp\/v2\/media\/92132"}],"wp:attachment":[{"href":"https:\/\/diarioregionaldigital.com.br\/index.php?rest_route=%2Fwp%2Fv2%2Fmedia&parent=92133"}],"wp:term":[{"taxonomy":"category","embeddable":true,"href":"https:\/\/diarioregionaldigital.com.br\/index.php?rest_route=%2Fwp%2Fv2%2Fcategories&post=92133"},{"taxonomy":"post_tag","embeddable":true,"href":"https:\/\/diarioregionaldigital.com.br\/index.php?rest_route=%2Fwp%2Fv2%2Ftags&post=92133"}],"curies":[{"name":"wp","href":"https:\/\/api.w.org\/{rel}","templated":true}]}}