{"id":92131,"date":"2018-02-19T20:21:17","date_gmt":"2018-02-19T23:21:17","guid":{"rendered":"http:\/\/diarioregionaljf.com.br\/2018\/02\/19\/cisdeste-seleciona-medicos-para-juiz-de-fora-carangola-e-muriae\/"},"modified":"2018-02-19T20:21:17","modified_gmt":"2018-02-19T23:21:17","slug":"cisdeste-seleciona-medicos-para-juiz-de-fora-carangola-e-muriae","status":"publish","type":"post","link":"https:\/\/diarioregionaldigital.com.br\/?p=92131","title":{"rendered":"CISDESTE seleciona m\u00e9dicos para Juiz de Fora, Carangola e Muria\u00e9"},"content":{"rendered":"<p>Est\u00e3o abertas, at\u00e9 as 15h desta ter\u00e7a-feira, 20, inscri\u00e7\u00f5es para processo de contrata\u00e7\u00e3o tempor\u00e1ria de m\u00e9dico e forma\u00e7\u00e3o de cadastro de reserva para as unidades do SAMU em Carangola, Juiz de Fora e Muria\u00e9 (Edital N\u00ba 003\/2018). O credenciamento pode ser feito pelo e-mail <a href=\"mailto:selecaocisdeste@gmail.com\">selecaocisdeste@gmail.com<\/a>.<\/p>\n<p>Para Carangola, foi aberta uma vaga mais a forma\u00e7\u00e3o da reserva. J\u00e1 Juiz de Fora e Muria\u00e9, formar\u00e3o cadastro de reserva para a fun\u00e7\u00e3o. O sal\u00e1rio \u00e9 de R$5.822,70, para uma jornada de 24h por semana. A sele\u00e7\u00e3o consta de an\u00e1lise da experi\u00eancia profissional e entrevista.<\/p>\n<p>O processo tem validade de 180 dias e as inscri\u00e7\u00f5es s\u00e3o gratuitas.<\/p>\n<p>&nbsp;<\/p>\n<p>Da reda\u00e7\u00e3o\/Assessoria<\/p>\n","protected":false},"excerpt":{"rendered":"<p>Est\u00e3o abertas, at\u00e9 as 15h desta ter\u00e7a-feira, 20, inscri\u00e7\u00f5es para processo de contrata\u00e7\u00e3o tempor\u00e1ria de m\u00e9dico e forma\u00e7\u00e3o de cadastro de reserva para as unidades do SAMU em Carangola, Juiz de Fora e Muria\u00e9 (Edital N\u00ba 003\/2018). O credenciamento pode ser feito pelo e-mail selecaocisdeste@gmail.com. Para Carangola, foi aberta uma vaga mais a forma\u00e7\u00e3o da [&hellip;]<\/p>\n","protected":false},"author":96,"featured_media":92130,"comment_status":"closed","ping_status":"closed","sticky":false,"template":"","format":"standard","meta":{"footnotes":""},"categories":[280],"tags":[],"class_list":["post-92131","post","type-post","status-publish","format-standard","has-post-thumbnail","hentry","category-concurso"],"_links":{"self":[{"href":"https:\/\/diarioregionaldigital.com.br\/index.php?rest_route=\/wp\/v2\/posts\/92131","targetHints":{"allow":["GET"]}}],"collection":[{"href":"https:\/\/diarioregionaldigital.com.br\/index.php?rest_route=\/wp\/v2\/posts"}],"about":[{"href":"https:\/\/diarioregionaldigital.com.br\/index.php?rest_route=\/wp\/v2\/types\/post"}],"author":[{"embeddable":true,"href":"https:\/\/diarioregionaldigital.com.br\/index.php?rest_route=\/wp\/v2\/users\/96"}],"replies":[{"embeddable":true,"href":"https:\/\/diarioregionaldigital.com.br\/index.php?rest_route=%2Fwp%2Fv2%2Fcomments&post=92131"}],"version-history":[{"count":0,"href":"https:\/\/diarioregionaldigital.com.br\/index.php?rest_route=\/wp\/v2\/posts\/92131\/revisions"}],"wp:featuredmedia":[{"embeddable":true,"href":"https:\/\/diarioregionaldigital.com.br\/index.php?rest_route=\/wp\/v2\/media\/92130"}],"wp:attachment":[{"href":"https:\/\/diarioregionaldigital.com.br\/index.php?rest_route=%2Fwp%2Fv2%2Fmedia&parent=92131"}],"wp:term":[{"taxonomy":"category","embeddable":true,"href":"https:\/\/diarioregionaldigital.com.br\/index.php?rest_route=%2Fwp%2Fv2%2Fcategories&post=92131"},{"taxonomy":"post_tag","embeddable":true,"href":"https:\/\/diarioregionaldigital.com.br\/index.php?rest_route=%2Fwp%2Fv2%2Ftags&post=92131"}],"curies":[{"name":"wp","href":"https:\/\/api.w.org\/{rel}","templated":true}]}}