{"id":92127,"date":"2018-02-19T20:04:27","date_gmt":"2018-02-19T23:04:27","guid":{"rendered":"http:\/\/diarioregionaljf.com.br\/2018\/02\/19\/hmtj-volta-a-agendar-atendimentos-sus\/"},"modified":"2018-02-19T20:04:27","modified_gmt":"2018-02-19T23:04:27","slug":"hmtj-volta-a-agendar-atendimentos-sus","status":"publish","type":"post","link":"https:\/\/diarioregionaldigital.com.br\/?p=92127","title":{"rendered":"HMTJ volta a agendar atendimentos SUS"},"content":{"rendered":"<p>Os atendimentos realizados pelo Sistema \u00danico de Sa\u00fade (SUS) no Hospital e Maternidade Therezinha de Jesus (HMTJ), que haviam sido suspensos na quinta-feira, 15, foram restabelecidos nessa segunda-feira, 19, e os procedimentos j\u00e1 est\u00e3o sendo reagendados. A medida ocorre ap\u00f3s liminar judicial proferida pela 2\u00aa Vara da Fazenda P\u00fablica, no s\u00e1bado, 17, que determinou a continuidade dos servi\u00e7os por 120 dias. Em nota, o HMTJ afirma que \u201cj\u00e1 recomp\u00f4s inteiramente o servi\u00e7o prestado \u00e0 rede 100% SUS\u201d.<\/p>\n<p>A interrup\u00e7\u00e3o do atendimento se deu ap\u00f3s a dire\u00e7\u00e3o do hospital alegar falta de repasses para a manuten\u00e7\u00e3o dos servi\u00e7os por parte da Prefeitura. O contrato firmado entre as partes, em setembro de 2016, terminou no dia 7 de fevereiro deste ano, e, por conta da pend\u00eancia, a assinatura do conv\u00eanio para 2018 n\u00e3o foi realizada. Essa n\u00e3o foi a primeira vez em que a unidade suspendeu os atendimentos por n\u00e3o receber verbas. Em 2014, o servi\u00e7o de urg\u00eancia e emerg\u00eancia foi comprometido, enquanto em 2015 funcion\u00e1rios do hospital paralisaram as atividades e protestaram contra atraso salarial.<\/p>\n<p>Por meio de seu perfil em uma rede social, nesse domingo, 18, o vereador Adriano Miranda (PHS) se mostrou favor\u00e1vel \u00e0 resolu\u00e7\u00e3o do imbr\u00f3glio. \u00c0 reportagem, ele ressaltou a import\u00e2ncia da unidade para a sa\u00fade do munic\u00edpio. \u201cMesmo sabendo das dificuldades financeiras existentes, a popula\u00e7\u00e3o precisa de um atendimento de qualidade. Por se tratar de um hospital 100% SUS, bem equipado, com corpo t\u00e9cnico altamente qualificado, a interrup\u00e7\u00e3o das atividades gera um impacto gigantesco para o cidad\u00e3o, que acaba ficando desassistido em rela\u00e7\u00e3o a sua sa\u00fade\u201d, diz.<\/p>\n<p>Na sexta feira, 16, o parlamentar formalizou um \u201cpedido de informa\u00e7\u00e3o\u201d junto \u00e0 Prefeitura a respeito dos contratos e repasses firmados com o hospital. Al\u00e9m disso, ele afirma que parte de uma emenda parlamentar no valor de R$800 mil destinada pelo Deputado Federal Marcelo Aro (PHS) para manter o funcionamento da unidade j\u00e1 est\u00e1 na conta da PJF. \u201cCerca de R$300 mil j\u00e1 foram aplicados na conta da Prefeitura. O valor est\u00e1 empenhado desde novembro. \u00c9 uma verba carimbada, destinada para custeio, e ser\u00e1 fundamental para o pagamento dos funcion\u00e1rios da unidade, mas que ainda n\u00e3o foi repassada\u201d, ressalta.<\/p>\n<p>Em nota, a Secretaria de Sa\u00fade (SS) afirma que ainda n\u00e3o recebeu o pedido do vereador. Com rela\u00e7\u00e3o ao contrato com o hospital, a pasta refor\u00e7a que \u201cmant\u00e9m negocia\u00e7\u00f5es permanentes com seus prestadores e reconhece a qualidade dos servi\u00e7os prestados pelo HMTJ. Agora, durante o prazo concedido pela Justi\u00e7a, as negocia\u00e7\u00f5es ser\u00e3o intensificadas com os prestadores para a continuidade dos servi\u00e7os, com a garantia do atendimento \u00e0 popula\u00e7\u00e3o\u201d, diz trecho do texto.<\/p>\n<p>J\u00e1 a dire\u00e7\u00e3o do hospital destaca que, para manter a assist\u00eancia \u00e0 sa\u00fade com qualidade \u201c\u00e9 necess\u00e1rio que o munic\u00edpio tamb\u00e9m cumpra integralmente com suas obriga\u00e7\u00f5es financeiras, conforme previsto no contrato e determina \u00e0 liminar\u201d. O hospital espera que o prazo \u201cseja utilizado para definir as condi\u00e7\u00f5es de sua continuidade na rede, pois o contrato foi extinto no dia 7 de fevereiro, data em que finalizou sua vig\u00eancia\u201d.<\/p>\n","protected":false},"excerpt":{"rendered":"<p>Os atendimentos realizados pelo Sistema \u00danico de Sa\u00fade (SUS) no Hospital e Maternidade Therezinha de Jesus (HMTJ), que haviam sido suspensos na quinta-feira, 15, foram restabelecidos nessa segunda-feira, 19, e os procedimentos j\u00e1 est\u00e3o sendo reagendados. A medida ocorre ap\u00f3s liminar judicial proferida pela 2\u00aa Vara da Fazenda P\u00fablica, no s\u00e1bado, 17, que determinou a [&hellip;]<\/p>\n","protected":false},"author":96,"featured_media":92126,"comment_status":"closed","ping_status":"closed","sticky":false,"template":"","format":"standard","meta":{"footnotes":""},"categories":[253],"tags":[],"class_list":["post-92127","post","type-post","status-publish","format-standard","has-post-thumbnail","hentry","category-cidade"],"_links":{"self":[{"href":"https:\/\/diarioregionaldigital.com.br\/index.php?rest_route=\/wp\/v2\/posts\/92127","targetHints":{"allow":["GET"]}}],"collection":[{"href":"https:\/\/diarioregionaldigital.com.br\/index.php?rest_route=\/wp\/v2\/posts"}],"about":[{"href":"https:\/\/diarioregionaldigital.com.br\/index.php?rest_route=\/wp\/v2\/types\/post"}],"author":[{"embeddable":true,"href":"https:\/\/diarioregionaldigital.com.br\/index.php?rest_route=\/wp\/v2\/users\/96"}],"replies":[{"embeddable":true,"href":"https:\/\/diarioregionaldigital.com.br\/index.php?rest_route=%2Fwp%2Fv2%2Fcomments&post=92127"}],"version-history":[{"count":0,"href":"https:\/\/diarioregionaldigital.com.br\/index.php?rest_route=\/wp\/v2\/posts\/92127\/revisions"}],"wp:featuredmedia":[{"embeddable":true,"href":"https:\/\/diarioregionaldigital.com.br\/index.php?rest_route=\/wp\/v2\/media\/92126"}],"wp:attachment":[{"href":"https:\/\/diarioregionaldigital.com.br\/index.php?rest_route=%2Fwp%2Fv2%2Fmedia&parent=92127"}],"wp:term":[{"taxonomy":"category","embeddable":true,"href":"https:\/\/diarioregionaldigital.com.br\/index.php?rest_route=%2Fwp%2Fv2%2Fcategories&post=92127"},{"taxonomy":"post_tag","embeddable":true,"href":"https:\/\/diarioregionaldigital.com.br\/index.php?rest_route=%2Fwp%2Fv2%2Ftags&post=92127"}],"curies":[{"name":"wp","href":"https:\/\/api.w.org\/{rel}","templated":true}]}}