{"id":92125,"date":"2018-02-19T20:00:34","date_gmt":"2018-02-19T23:00:34","guid":{"rendered":"http:\/\/diarioregionaljf.com.br\/2018\/02\/19\/prefeitura-publica-licitacao-para-construcao-da-alca-do-viaduto-augusto-franco\/"},"modified":"2018-02-19T20:00:34","modified_gmt":"2018-02-19T23:00:34","slug":"prefeitura-publica-licitacao-para-construcao-da-alca-do-viaduto-augusto-franco","status":"publish","type":"post","link":"https:\/\/diarioregionaldigital.com.br\/?p=92125","title":{"rendered":"Prefeitura publica licita\u00e7\u00e3o para constru\u00e7\u00e3o da al\u00e7a do viaduto Augusto Franco"},"content":{"rendered":"<p>A Prefeitura de Juiz de Fora (PJF) publicou o edital de licita\u00e7\u00e3o para a contrata\u00e7\u00e3o da empresa respons\u00e1vel pela constru\u00e7\u00e3o da al\u00e7a de acesso do Viaduto Augusto Franco, no Centro, no Di\u00e1rio Oficial do Munic\u00edpio da \u00faltima sexta-feira, 16.<\/p>\n<p>O or\u00e7amento para constru\u00e7\u00e3o foi estimado em R$4.952.679,40, provenientes de conv\u00eanio firmado entre o munic\u00edpio e o Departamento Nacional de Infraestrutura de Transportes (Dnit) para fins de execu\u00e7\u00e3o das obras de transposi\u00e7\u00f5es rodoferrovi\u00e1rias. O prazo para execu\u00e7\u00e3o da obra \u00e9 de oito meses, a partir da primeira ordem de servi\u00e7o.<\/p>\n<p>O elevado vai unir a Avenida Brasil ao entroncamento das avenidas Get\u00falio Vargas e Itamar Franco, ao lado da Pra\u00e7a Ant\u00f4nio Carlos, e possibilitar aos carros descerem, a partir do viaduto, para a Rua \u00c2ngelo F\u00e1cil, proporcionando o acesso para Avenida Francisco Bernardino.<\/p>\n<p>Em uma publica\u00e7\u00e3o nas redes sociais, o prefeito Bruno Siqueira afirmou que esta \u00e9 mais uma obra vi\u00e1ria tirada do papel para melhorar a mobilidade urbana no munic\u00edpio. \u201c Essa al\u00e7a vai permitir que n\u00f3s possamos melhorar o tr\u00e2nsito naquela regi\u00e3o da nossa cidade de Juiz de Fora\u201d, ressaltou o chefe do Executivo municipal.<\/p>\n<p>A abertura da licita\u00e7\u00e3o ocorrer\u00e1 na manh\u00e3 do dia 22 de mar\u00e7o.<\/p>\n<p>&nbsp;<\/p>\n","protected":false},"excerpt":{"rendered":"<p>A Prefeitura de Juiz de Fora (PJF) publicou o edital de licita\u00e7\u00e3o para a contrata\u00e7\u00e3o da empresa respons\u00e1vel pela constru\u00e7\u00e3o da al\u00e7a de acesso do Viaduto Augusto Franco, no Centro, no Di\u00e1rio Oficial do Munic\u00edpio da \u00faltima sexta-feira, 16. O or\u00e7amento para constru\u00e7\u00e3o foi estimado em R$4.952.679,40, provenientes de conv\u00eanio firmado entre o munic\u00edpio e [&hellip;]<\/p>\n","protected":false},"author":96,"featured_media":92124,"comment_status":"closed","ping_status":"closed","sticky":false,"template":"","format":"standard","meta":{"footnotes":""},"categories":[253],"tags":[],"class_list":["post-92125","post","type-post","status-publish","format-standard","has-post-thumbnail","hentry","category-cidade"],"_links":{"self":[{"href":"https:\/\/diarioregionaldigital.com.br\/index.php?rest_route=\/wp\/v2\/posts\/92125","targetHints":{"allow":["GET"]}}],"collection":[{"href":"https:\/\/diarioregionaldigital.com.br\/index.php?rest_route=\/wp\/v2\/posts"}],"about":[{"href":"https:\/\/diarioregionaldigital.com.br\/index.php?rest_route=\/wp\/v2\/types\/post"}],"author":[{"embeddable":true,"href":"https:\/\/diarioregionaldigital.com.br\/index.php?rest_route=\/wp\/v2\/users\/96"}],"replies":[{"embeddable":true,"href":"https:\/\/diarioregionaldigital.com.br\/index.php?rest_route=%2Fwp%2Fv2%2Fcomments&post=92125"}],"version-history":[{"count":0,"href":"https:\/\/diarioregionaldigital.com.br\/index.php?rest_route=\/wp\/v2\/posts\/92125\/revisions"}],"wp:featuredmedia":[{"embeddable":true,"href":"https:\/\/diarioregionaldigital.com.br\/index.php?rest_route=\/wp\/v2\/media\/92124"}],"wp:attachment":[{"href":"https:\/\/diarioregionaldigital.com.br\/index.php?rest_route=%2Fwp%2Fv2%2Fmedia&parent=92125"}],"wp:term":[{"taxonomy":"category","embeddable":true,"href":"https:\/\/diarioregionaldigital.com.br\/index.php?rest_route=%2Fwp%2Fv2%2Fcategories&post=92125"},{"taxonomy":"post_tag","embeddable":true,"href":"https:\/\/diarioregionaldigital.com.br\/index.php?rest_route=%2Fwp%2Fv2%2Ftags&post=92125"}],"curies":[{"name":"wp","href":"https:\/\/api.w.org\/{rel}","templated":true}]}}