{"id":92121,"date":"2018-02-19T19:42:10","date_gmt":"2018-02-19T22:42:10","guid":{"rendered":"http:\/\/diarioregionaljf.com.br\/2018\/02\/19\/prefeitura-de-muriae-abre-processo-seletivo-para-estagio-na-procuradoria-geral-do-municipio\/"},"modified":"2018-02-19T19:42:10","modified_gmt":"2018-02-19T22:42:10","slug":"prefeitura-de-muriae-abre-processo-seletivo-para-estagio-na-procuradoria-geral-do-municipio","status":"publish","type":"post","link":"https:\/\/diarioregionaldigital.com.br\/?p=92121","title":{"rendered":"Prefeitura de Muria\u00e9 abre processo seletivo para est\u00e1gio na Procuradoria Geral do Munic\u00edpio"},"content":{"rendered":"<p>A Prefeitura de Muria\u00e9 (a cerca de 158Km de Juiz de Fora) publicou <a href=\"https:\/\/drive.google.com\/file\/d\/1fuL5gkqT23CXv78Vzth1-7phwHL-AkqG\/view\" target=\"_blank\" rel=\"noopener noreferrer\">edital<\/a> de processo seletivo para contrata\u00e7\u00e3o de estagi\u00e1rios de Direito, bem como para forma\u00e7\u00e3o de cadastro de reserva. As duas vagas s\u00e3o para atua\u00e7\u00e3o na Procuradoria Geral do Munic\u00edpio, auxiliando o trabalho prestado aos muriaeenses e proporcionando aos estudantes experi\u00eancia para carreira profissional.<\/p>\n<p>Os candidatos devem estar cursando entre o 3\u00ba e o 8\u00ba per\u00edodo de Direito. As inscri\u00e7\u00f5es s\u00e3o gratuitas e podem ser feitas somente via internet a partir desta segunda-feira, 19, at\u00e9 o dia 5 de mar\u00e7o, no <a href=\"http:\/\/www.muriae.mg.gov.br\/site\/estagios\/\" target=\"_blank\" rel=\"noopener noreferrer\">site da Prefeitura de Muria\u00e9<\/a>.<\/p>\n<p>A jornada de est\u00e1gio ser\u00e1 de 20 horas semanais, em turno \u00fanico (pela manh\u00e3 ou \u00e0 tarde), conforme conveni\u00eancia da Administra\u00e7\u00e3o. Os estudantes t\u00eam direito a bolsa correspondente ao valor de R$482,50. A prova ser\u00e1 realizada provavelmente no dia 7 de mar\u00e7o, \u00e0s 13h30, em local ainda a ser divulgado.<\/p>\n<p>&nbsp;<\/p>\n<p><strong>Processo seletivo para est\u00e1gio na Procuradoria<\/strong><br \/>Per\u00edodo de inscri\u00e7\u00e3o: de 19 de fevereiro a 5 de mar\u00e7o<br \/>Local: site da Prefeitura (www.muriae.mg.gov.br, no menu \u201cCidad\u00e3o\u201d, op\u00e7\u00e3o \u201cEst\u00e1gios\u201d)<br \/>Podem participar: estudantes que estejam cursando entre o 3\u00ba e o 8\u00ba per\u00edodo de Direito<br \/>Inscri\u00e7\u00f5es gratuitas<\/p>\n<p>&nbsp;<\/p>\n<p>Fonte: Assessoria<\/p>\n","protected":false},"excerpt":{"rendered":"<p>A Prefeitura de Muria\u00e9 (a cerca de 158Km de Juiz de Fora) publicou edital de processo seletivo para contrata\u00e7\u00e3o de estagi\u00e1rios de Direito, bem como para forma\u00e7\u00e3o de cadastro de reserva. As duas vagas s\u00e3o para atua\u00e7\u00e3o na Procuradoria Geral do Munic\u00edpio, auxiliando o trabalho prestado aos muriaeenses e proporcionando aos estudantes experi\u00eancia para carreira [&hellip;]<\/p>\n","protected":false},"author":96,"featured_media":92120,"comment_status":"closed","ping_status":"closed","sticky":false,"template":"","format":"standard","meta":{"footnotes":""},"categories":[280],"tags":[],"class_list":["post-92121","post","type-post","status-publish","format-standard","has-post-thumbnail","hentry","category-concurso"],"_links":{"self":[{"href":"https:\/\/diarioregionaldigital.com.br\/index.php?rest_route=\/wp\/v2\/posts\/92121","targetHints":{"allow":["GET"]}}],"collection":[{"href":"https:\/\/diarioregionaldigital.com.br\/index.php?rest_route=\/wp\/v2\/posts"}],"about":[{"href":"https:\/\/diarioregionaldigital.com.br\/index.php?rest_route=\/wp\/v2\/types\/post"}],"author":[{"embeddable":true,"href":"https:\/\/diarioregionaldigital.com.br\/index.php?rest_route=\/wp\/v2\/users\/96"}],"replies":[{"embeddable":true,"href":"https:\/\/diarioregionaldigital.com.br\/index.php?rest_route=%2Fwp%2Fv2%2Fcomments&post=92121"}],"version-history":[{"count":0,"href":"https:\/\/diarioregionaldigital.com.br\/index.php?rest_route=\/wp\/v2\/posts\/92121\/revisions"}],"wp:featuredmedia":[{"embeddable":true,"href":"https:\/\/diarioregionaldigital.com.br\/index.php?rest_route=\/wp\/v2\/media\/92120"}],"wp:attachment":[{"href":"https:\/\/diarioregionaldigital.com.br\/index.php?rest_route=%2Fwp%2Fv2%2Fmedia&parent=92121"}],"wp:term":[{"taxonomy":"category","embeddable":true,"href":"https:\/\/diarioregionaldigital.com.br\/index.php?rest_route=%2Fwp%2Fv2%2Fcategories&post=92121"},{"taxonomy":"post_tag","embeddable":true,"href":"https:\/\/diarioregionaldigital.com.br\/index.php?rest_route=%2Fwp%2Fv2%2Ftags&post=92121"}],"curies":[{"name":"wp","href":"https:\/\/api.w.org\/{rel}","templated":true}]}}