{"id":92119,"date":"2018-02-19T19:23:08","date_gmt":"2018-02-19T22:23:08","guid":{"rendered":"http:\/\/diarioregionaljf.com.br\/2018\/02\/19\/suspeito-de-cometer-furtos-a-estabelecimentos-comerciais-e-preso-em-lima-duarte\/"},"modified":"2018-02-19T19:23:08","modified_gmt":"2018-02-19T22:23:08","slug":"suspeito-de-cometer-furtos-a-estabelecimentos-comerciais-e-preso-em-lima-duarte","status":"publish","type":"post","link":"https:\/\/diarioregionaldigital.com.br\/?p=92119","title":{"rendered":"Suspeito de cometer furtos a estabelecimentos comerciais \u00e9 preso em Lima Duarte"},"content":{"rendered":"<p>Um homem de 27 anos, suspeito de cometer furtos a propriedades e estabelecimentos comerciais na cidade de Lima Duarte (a cerca de 63Km de JF), foi apresentado pela Pol\u00edcia Civil de Minas Gerais (PCMG) na \u00faltima sexta-feira, 16.<\/p>\n<p>Conforme o titular da Delegacia de Lima Duarte, Delegado Jos\u00e9 M\u00e1rcio de Almeida Lopes, o homem j\u00e1 havia sido indiciado por cinco crimes de furto qualificados no munic\u00edpio, raz\u00e3o pela qual se representou pela pris\u00e3o preventiva do suspeito.<\/p>\n<p>Durante as investiga\u00e7\u00f5es, foi apurado que o investigado teria furtado diversos bens, quantias em dinheiro e um aparelho celular em diferentes estabelecimentos. Ele foi detido pela Pol\u00edcia Militar (PM), no dia 11 de fevereiro, em cumprimento a mandado de pris\u00e3o, e encaminhado ao Sistema Prisional.<\/p>\n<p>Da reda\u00e7\u00e3o\/Assessoria<\/p>\n","protected":false},"excerpt":{"rendered":"<p>Um homem de 27 anos, suspeito de cometer furtos a propriedades e estabelecimentos comerciais na cidade de Lima Duarte (a cerca de 63Km de JF), foi apresentado pela Pol\u00edcia Civil de Minas Gerais (PCMG) na \u00faltima sexta-feira, 16. Conforme o titular da Delegacia de Lima Duarte, Delegado Jos\u00e9 M\u00e1rcio de Almeida Lopes, o homem j\u00e1 [&hellip;]<\/p>\n","protected":false},"author":96,"featured_media":92118,"comment_status":"closed","ping_status":"closed","sticky":false,"template":"","format":"standard","meta":{"footnotes":""},"categories":[252],"tags":[],"class_list":["post-92119","post","type-post","status-publish","format-standard","has-post-thumbnail","hentry","category-regiao"],"_links":{"self":[{"href":"https:\/\/diarioregionaldigital.com.br\/index.php?rest_route=\/wp\/v2\/posts\/92119","targetHints":{"allow":["GET"]}}],"collection":[{"href":"https:\/\/diarioregionaldigital.com.br\/index.php?rest_route=\/wp\/v2\/posts"}],"about":[{"href":"https:\/\/diarioregionaldigital.com.br\/index.php?rest_route=\/wp\/v2\/types\/post"}],"author":[{"embeddable":true,"href":"https:\/\/diarioregionaldigital.com.br\/index.php?rest_route=\/wp\/v2\/users\/96"}],"replies":[{"embeddable":true,"href":"https:\/\/diarioregionaldigital.com.br\/index.php?rest_route=%2Fwp%2Fv2%2Fcomments&post=92119"}],"version-history":[{"count":0,"href":"https:\/\/diarioregionaldigital.com.br\/index.php?rest_route=\/wp\/v2\/posts\/92119\/revisions"}],"wp:featuredmedia":[{"embeddable":true,"href":"https:\/\/diarioregionaldigital.com.br\/index.php?rest_route=\/wp\/v2\/media\/92118"}],"wp:attachment":[{"href":"https:\/\/diarioregionaldigital.com.br\/index.php?rest_route=%2Fwp%2Fv2%2Fmedia&parent=92119"}],"wp:term":[{"taxonomy":"category","embeddable":true,"href":"https:\/\/diarioregionaldigital.com.br\/index.php?rest_route=%2Fwp%2Fv2%2Fcategories&post=92119"},{"taxonomy":"post_tag","embeddable":true,"href":"https:\/\/diarioregionaldigital.com.br\/index.php?rest_route=%2Fwp%2Fv2%2Ftags&post=92119"}],"curies":[{"name":"wp","href":"https:\/\/api.w.org\/{rel}","templated":true}]}}