{"id":92117,"date":"2018-02-19T19:12:53","date_gmt":"2018-02-19T22:12:53","guid":{"rendered":"http:\/\/diarioregionaljf.com.br\/2018\/02\/19\/flamengo-bate-o-boa-vista-e-conquista-a-taca-guanabara\/"},"modified":"2018-02-19T19:12:53","modified_gmt":"2018-02-19T22:12:53","slug":"flamengo-bate-o-boa-vista-e-conquista-a-taca-guanabara","status":"publish","type":"post","link":"https:\/\/diarioregionaldigital.com.br\/?p=92117","title":{"rendered":"Flamengo bate o Boa Vista e conquista a Ta\u00e7a Guanabara"},"content":{"rendered":"<p>A conquista do t\u00edtulo da Ta\u00e7a Guanabara, primeiro turno do Campeonato Carioca, fez o Flamengo&nbsp;atingir seu primeiro objetivo na atual temporada. Mais do que isso, deu ao Rubro-Negro uma tranquilidade em rela\u00e7\u00e3o ao que est\u00e1 pior vir. Isso porque sua responsabilidade na Ta\u00e7a Rio, no segundo turno, \u00e9 bem menor, uma vez que se garantiu nas semifinais do Estadual com o triunfo de 2 a 0 sobre o Boavista, no domingo passado.<\/p>\n<p>A vaga nas semifinais do Estadual pode parecer pouco, mas n\u00e3o \u00e9 se for levado em considera\u00e7\u00e3o que no dia 28 de fevereiro, na quarta-feira da pr\u00f3xima semana, o Flamengo estreia na Copa Libertadores medindo for\u00e7as com o River Plate da Argentina, no Rio de Janeiro. Em mar\u00e7o, ainda tem uma desgastante viagem para o Equador, quando enfrentar\u00e1 o Emelec.<\/p>\n<p>\u201cN\u00f3s conquistamos o primeiro objetivo e isso realmente \u00e9 muito importante. Por\u00e9m, isso n\u00e3o significa que a gente v\u00e1 deixar de lado a Ta\u00e7a Rio. O Flamengo sempre entra em campo com o pensamento de ganhar seus jogos, mas logicamente que a tranquilidade \u00e9 maior. Principalmente porque mostra que estamos no caminho certo para termos uma temporada satisfat\u00f3ria para o nosso torcedor\u201d, disse o lateral-direito Par\u00e1.<\/p>\n<p>O zagueiro R\u00e9ver foi al\u00e9m. \u201cEstamos muito satisfeitos com a conquista deste t\u00edtulo e comemoramos bastante, embora a gente saiba que a temporada est\u00e1 apenas come\u00e7ando e nossos objetivos s\u00e3o bem maiores. \u00c9 importante come\u00e7ar o ano bem. Para muitos, a Ta\u00e7a Guanabara n\u00e3o vale nada, ganhamos e nem todos valorizam. Mas, se a gente tivesse perdido, a cobran\u00e7a seria muito grande e diriam que o torneio valia muito. Temos que valorizar cada campeonato, independentemente de ter um peso ou n\u00e3o. Agora vem a Libertadores, mas n\u00e3o vamos deixar a Ta\u00e7a Rio de lado. Queremos ela tamb\u00e9m\u201d, disse o defensor.<\/p>\n<p>A estreia na Ta\u00e7a Rio acontece j\u00e1 nesta quarta-feira, 21, quando o Rubro-Negro recebe o Madureira a partir das 19h30 (de Bras\u00edlia), no Est\u00e1dio Nilton Santos, no Rio de Janeiro (RJ). Existe a possibilidade de o t\u00e9cnico Paulo C\u00e9sar Carpegiani preservar alguns titulares neste confronto e tamb\u00e9m no cl\u00e1ssico do pr\u00f3ximo s\u00e1bado, 24, &nbsp;diante do Fluminense, por conta justamente da prepara\u00e7\u00e3o para o duelo contra o River Plate.<\/p>\n<p><a href=\"http:\/\/www.tupynambasfc.com.br\/index.php\/seja-socio\/\"><br \/> <\/a><\/p>\n","protected":false},"excerpt":{"rendered":"<p>A conquista do t\u00edtulo da Ta\u00e7a Guanabara, primeiro turno do Campeonato Carioca, fez o Flamengo&nbsp;atingir seu primeiro objetivo na atual temporada. Mais do que isso, deu ao Rubro-Negro uma tranquilidade em rela\u00e7\u00e3o ao que est\u00e1 pior vir. Isso porque sua responsabilidade na Ta\u00e7a Rio, no segundo turno, \u00e9 bem menor, uma vez que se garantiu [&hellip;]<\/p>\n","protected":false},"author":96,"featured_media":92116,"comment_status":"closed","ping_status":"closed","sticky":false,"template":"","format":"standard","meta":{"footnotes":""},"categories":[257],"tags":[],"class_list":["post-92117","post","type-post","status-publish","format-standard","has-post-thumbnail","hentry","category-esporte"],"_links":{"self":[{"href":"https:\/\/diarioregionaldigital.com.br\/index.php?rest_route=\/wp\/v2\/posts\/92117","targetHints":{"allow":["GET"]}}],"collection":[{"href":"https:\/\/diarioregionaldigital.com.br\/index.php?rest_route=\/wp\/v2\/posts"}],"about":[{"href":"https:\/\/diarioregionaldigital.com.br\/index.php?rest_route=\/wp\/v2\/types\/post"}],"author":[{"embeddable":true,"href":"https:\/\/diarioregionaldigital.com.br\/index.php?rest_route=\/wp\/v2\/users\/96"}],"replies":[{"embeddable":true,"href":"https:\/\/diarioregionaldigital.com.br\/index.php?rest_route=%2Fwp%2Fv2%2Fcomments&post=92117"}],"version-history":[{"count":0,"href":"https:\/\/diarioregionaldigital.com.br\/index.php?rest_route=\/wp\/v2\/posts\/92117\/revisions"}],"wp:featuredmedia":[{"embeddable":true,"href":"https:\/\/diarioregionaldigital.com.br\/index.php?rest_route=\/wp\/v2\/media\/92116"}],"wp:attachment":[{"href":"https:\/\/diarioregionaldigital.com.br\/index.php?rest_route=%2Fwp%2Fv2%2Fmedia&parent=92117"}],"wp:term":[{"taxonomy":"category","embeddable":true,"href":"https:\/\/diarioregionaldigital.com.br\/index.php?rest_route=%2Fwp%2Fv2%2Fcategories&post=92117"},{"taxonomy":"post_tag","embeddable":true,"href":"https:\/\/diarioregionaldigital.com.br\/index.php?rest_route=%2Fwp%2Fv2%2Ftags&post=92117"}],"curies":[{"name":"wp","href":"https:\/\/api.w.org\/{rel}","templated":true}]}}