{"id":92091,"date":"2018-02-19T17:48:52","date_gmt":"2018-02-19T20:48:52","guid":{"rendered":"http:\/\/diarioregionaljf.com.br\/2018\/02\/19\/exoneracao-de-secretario-de-seguranca-do-rio-e-oficializada\/"},"modified":"2018-02-19T17:48:52","modified_gmt":"2018-02-19T20:48:52","slug":"exoneracao-de-secretario-de-seguranca-do-rio-e-oficializada","status":"publish","type":"post","link":"https:\/\/diarioregionaldigital.com.br\/?p=92091","title":{"rendered":"Exonera\u00e7\u00e3o de secret\u00e1rio de Seguran\u00e7a do Rio \u00e9 oficializada"},"content":{"rendered":"<p>A exonera\u00e7\u00e3o do secret\u00e1rio estadual de Seguran\u00e7a do Rio de Janeiro, Roberto S\u00e1, foi publicada na edi\u00e7\u00e3o dessa segunda-feira, 19, do Di\u00e1rio Oficial do Estado.<\/p>\n<p>S\u00e1 apresentou o pedido de exonera\u00e7\u00e3o ao governador Luiz Fernando Pez\u00e3o na \u00faltima sexta-feira, 16.<\/p>\n<p>O decreto do governador foi assinado na pr\u00f3pria sexta-feira. A exonera\u00e7\u00e3o do secret\u00e1rio foi solicitada no dia em que o presidente Michel Temer decretou interven\u00e7\u00e3o federal na seguran\u00e7a p\u00fablica do estado do Rio.<\/p>\n<p>O decreto de interven\u00e7\u00e3o federal ainda precisa ser ratificado pelo Congresso Nacional, mas j\u00e1 est\u00e1 em vigor. A medida ser\u00e1 votada hoje pela C\u00e2mara dos Deputados e, em seguida, ser\u00e1 encaminhada ao Senado Federal.<\/p>\n<p>Roberto S\u00e1 substituiu Jos\u00e9 Mariano Beltrame na Secretaria Estadual de Seguran\u00e7a P\u00fablica do Rio e estava no cargo desde outubro de 2016.<\/p>\n<p>Fonte: Ag\u00eancia Brasil<\/p>\n","protected":false},"excerpt":{"rendered":"<p>A exonera\u00e7\u00e3o do secret\u00e1rio estadual de Seguran\u00e7a do Rio de Janeiro, Roberto S\u00e1, foi publicada na edi\u00e7\u00e3o dessa segunda-feira, 19, do Di\u00e1rio Oficial do Estado. S\u00e1 apresentou o pedido de exonera\u00e7\u00e3o ao governador Luiz Fernando Pez\u00e3o na \u00faltima sexta-feira, 16. O decreto do governador foi assinado na pr\u00f3pria sexta-feira. A exonera\u00e7\u00e3o do secret\u00e1rio foi solicitada [&hellip;]<\/p>\n","protected":false},"author":96,"featured_media":92090,"comment_status":"closed","ping_status":"closed","sticky":false,"template":"","format":"standard","meta":{"footnotes":""},"categories":[302],"tags":[],"class_list":["post-92091","post","type-post","status-publish","format-standard","has-post-thumbnail","hentry","category-brasil-mundo"],"_links":{"self":[{"href":"https:\/\/diarioregionaldigital.com.br\/index.php?rest_route=\/wp\/v2\/posts\/92091","targetHints":{"allow":["GET"]}}],"collection":[{"href":"https:\/\/diarioregionaldigital.com.br\/index.php?rest_route=\/wp\/v2\/posts"}],"about":[{"href":"https:\/\/diarioregionaldigital.com.br\/index.php?rest_route=\/wp\/v2\/types\/post"}],"author":[{"embeddable":true,"href":"https:\/\/diarioregionaldigital.com.br\/index.php?rest_route=\/wp\/v2\/users\/96"}],"replies":[{"embeddable":true,"href":"https:\/\/diarioregionaldigital.com.br\/index.php?rest_route=%2Fwp%2Fv2%2Fcomments&post=92091"}],"version-history":[{"count":0,"href":"https:\/\/diarioregionaldigital.com.br\/index.php?rest_route=\/wp\/v2\/posts\/92091\/revisions"}],"wp:featuredmedia":[{"embeddable":true,"href":"https:\/\/diarioregionaldigital.com.br\/index.php?rest_route=\/wp\/v2\/media\/92090"}],"wp:attachment":[{"href":"https:\/\/diarioregionaldigital.com.br\/index.php?rest_route=%2Fwp%2Fv2%2Fmedia&parent=92091"}],"wp:term":[{"taxonomy":"category","embeddable":true,"href":"https:\/\/diarioregionaldigital.com.br\/index.php?rest_route=%2Fwp%2Fv2%2Fcategories&post=92091"},{"taxonomy":"post_tag","embeddable":true,"href":"https:\/\/diarioregionaldigital.com.br\/index.php?rest_route=%2Fwp%2Fv2%2Ftags&post=92091"}],"curies":[{"name":"wp","href":"https:\/\/api.w.org\/{rel}","templated":true}]}}