{"id":92089,"date":"2018-02-19T17:04:05","date_gmt":"2018-02-19T20:04:05","guid":{"rendered":"http:\/\/diarioregionaljf.com.br\/2018\/02\/19\/tupi-emplaca-mais-uma-vitoria-e-chega-no-g-8-do-campeonato-mineiro\/"},"modified":"2018-02-19T17:04:05","modified_gmt":"2018-02-19T20:04:05","slug":"tupi-emplaca-mais-uma-vitoria-e-chega-no-g-8-do-campeonato-mineiro","status":"publish","type":"post","link":"https:\/\/diarioregionaldigital.com.br\/?p=92089","title":{"rendered":"Tupi emplaca mais uma vit\u00f3ria e chega no G-8 do Campeonato  Mineiro"},"content":{"rendered":"<p>Neste domingo, 18, em Patos de Minas, o Tupi venceu a URT por 2 a 0, com dois gols de Vitinho. Com a vit\u00f3ria o Galo Carij\u00f3 subiu para a s\u00e9tima posi\u00e7\u00e3o, chegando no G-8 do Campeonato Mineiro.<\/p>\n<p>Desde os primeiros minutos do jogo, o Tupi mostrou que n\u00e3o jogaria recuado em Patos de Minas. Logo no primeiro minuto, Afonso obrigou Carl\u00e3o a fazer dif\u00edcil defesa. Mas aos 4, o arqueiro nada p\u00f4de fazer, quando Vitinho recebeu na direita, cortou pra dentro e bateu para o fundo do gol. Ap\u00f3s sair atr\u00e1s do marcador, a URT foi para o jogo, mas sem objetividade e criatividade. Com isso, o Alvinegro seguiu com as melhores chances. Em uma delas, Vitinho se aproveitou de sa\u00edda errada da zaga da URT e de passe dado por L\u00e9o Salino para ampliar o marcador, aos 35 do primeiro tempo, amplamente dominado pelo Carij\u00f3.<\/p>\n<p>Ap\u00f3s a partida, o t\u00e9cnico interino do Galo disse em entrevista que a estrat\u00e9gia de n\u00e3o mudar o estilo de jogo foi decidida entre comiss\u00e3o t\u00e9cnica e atletas. Le\u00e3o elogiou a entrega dos jogadores e o respeito ao que foi combinado para o duelo em Patos de Minas.<\/p>\n<p>\u201cEu falei com eles quando assumi interinamente: primeiro voc\u00eas t\u00eam que fazer mais gols do que tomam. Como \u00e9 dif\u00edcil fazer gols, ent\u00e3o voc\u00eas t\u00eam que tomar poucos ou n\u00e3o tomar. A equipe se entregou, mostrou muita capacidade e ousadia para atacar e organiza\u00e7\u00e3o pra defender. As coisas est\u00e3o acontecendo,\u201d &nbsp;disse.<\/p>\n<p>Na pr\u00f3xima rodada, o Tupi recebe o Atl\u00e9tico-MG, no Est\u00e1dio Municipal Radialista Mario Hel\u00eanio, em Juiz de Fora. &nbsp;O confronto acontece no pr\u00f3ximo domingo, 25, \u00e0s 17h.<\/p>\n","protected":false},"excerpt":{"rendered":"<p>Neste domingo, 18, em Patos de Minas, o Tupi venceu a URT por 2 a 0, com dois gols de Vitinho. Com a vit\u00f3ria o Galo Carij\u00f3 subiu para a s\u00e9tima posi\u00e7\u00e3o, chegando no G-8 do Campeonato Mineiro. Desde os primeiros minutos do jogo, o Tupi mostrou que n\u00e3o jogaria recuado em Patos de Minas. [&hellip;]<\/p>\n","protected":false},"author":96,"featured_media":92088,"comment_status":"closed","ping_status":"closed","sticky":false,"template":"","format":"standard","meta":{"footnotes":""},"categories":[257],"tags":[],"class_list":["post-92089","post","type-post","status-publish","format-standard","has-post-thumbnail","hentry","category-esporte"],"_links":{"self":[{"href":"https:\/\/diarioregionaldigital.com.br\/index.php?rest_route=\/wp\/v2\/posts\/92089","targetHints":{"allow":["GET"]}}],"collection":[{"href":"https:\/\/diarioregionaldigital.com.br\/index.php?rest_route=\/wp\/v2\/posts"}],"about":[{"href":"https:\/\/diarioregionaldigital.com.br\/index.php?rest_route=\/wp\/v2\/types\/post"}],"author":[{"embeddable":true,"href":"https:\/\/diarioregionaldigital.com.br\/index.php?rest_route=\/wp\/v2\/users\/96"}],"replies":[{"embeddable":true,"href":"https:\/\/diarioregionaldigital.com.br\/index.php?rest_route=%2Fwp%2Fv2%2Fcomments&post=92089"}],"version-history":[{"count":0,"href":"https:\/\/diarioregionaldigital.com.br\/index.php?rest_route=\/wp\/v2\/posts\/92089\/revisions"}],"wp:featuredmedia":[{"embeddable":true,"href":"https:\/\/diarioregionaldigital.com.br\/index.php?rest_route=\/wp\/v2\/media\/92088"}],"wp:attachment":[{"href":"https:\/\/diarioregionaldigital.com.br\/index.php?rest_route=%2Fwp%2Fv2%2Fmedia&parent=92089"}],"wp:term":[{"taxonomy":"category","embeddable":true,"href":"https:\/\/diarioregionaldigital.com.br\/index.php?rest_route=%2Fwp%2Fv2%2Fcategories&post=92089"},{"taxonomy":"post_tag","embeddable":true,"href":"https:\/\/diarioregionaldigital.com.br\/index.php?rest_route=%2Fwp%2Fv2%2Ftags&post=92089"}],"curies":[{"name":"wp","href":"https:\/\/api.w.org\/{rel}","templated":true}]}}