{"id":92087,"date":"2018-02-19T16:07:19","date_gmt":"2018-02-19T19:07:19","guid":{"rendered":"http:\/\/diarioregionaljf.com.br\/2018\/02\/19\/secretaria-de-obras-troca-modelo-de-grades-de-canaletas-no-centro\/"},"modified":"2018-02-19T16:07:19","modified_gmt":"2018-02-19T19:07:19","slug":"secretaria-de-obras-troca-modelo-de-grades-de-canaletas-no-centro","status":"publish","type":"post","link":"https:\/\/diarioregionaldigital.com.br\/?p=92087","title":{"rendered":"Secretaria de Obras troca modelo de grades de canaletas no Centro"},"content":{"rendered":"<p>A Secretaria de Obras (SO) da Prefeitura de Juiz de Fora (PJF) est\u00e1 realizando a troca das grades de ferro por modelos pr\u00e9-moldados de cimento nas canaletas da Avenida Get\u00falio Vargas e do Mergulh\u00e3o, no Centro. A principal raz\u00e3o para a substitui\u00e7\u00e3o \u00e9 o n\u00famero alto de furto das grades de ferro. Os v\u00e2ndalos ainda deixam a ferragem exposta, podendo ocasionar acidentes aos pedestres.<\/p>\n<p>Desde janeiro, a SO est\u00e1 realizando a\u00e7\u00f5es preventivas na \u00e1rea central da cidade, para diminuir os transtornos no per\u00edodo de chuvas e tamb\u00e9m para solucionar problemas nas cal\u00e7adas p\u00fablicas. Para melhorar o escoamento da \u00e1gua, bocas de lobo foram desentupidas, passeios nivelados e manilhas da rede de capta\u00e7\u00e3o de \u00e1guas pluviais foram limpas.<\/p>\n<p>S\u00f3 na Avenida Get\u00falio Vargas, foi retirado um caminh\u00e3o de lixo urbano das canaletas, e toda a rede de drenagem foi lavada para desobstru\u00e7\u00e3o. No Mergulh\u00e3o, al\u00e9m da troca das grades, foi realizada obra para solucionar problemas de alagamentos nas cal\u00e7adas da parte superior at\u00e9 o canal principal de drenagem, al\u00e9m do nivelamento do passeio de pedras portuguesas, evitando a forma\u00e7\u00e3o de po\u00e7as de \u00e1gua.<\/p>\n<p>Fonte: Assessoria \/ PJF<\/p>\n","protected":false},"excerpt":{"rendered":"<p>A Secretaria de Obras (SO) da Prefeitura de Juiz de Fora (PJF) est\u00e1 realizando a troca das grades de ferro por modelos pr\u00e9-moldados de cimento nas canaletas da Avenida Get\u00falio Vargas e do Mergulh\u00e3o, no Centro. A principal raz\u00e3o para a substitui\u00e7\u00e3o \u00e9 o n\u00famero alto de furto das grades de ferro. Os v\u00e2ndalos ainda [&hellip;]<\/p>\n","protected":false},"author":96,"featured_media":92086,"comment_status":"closed","ping_status":"closed","sticky":false,"template":"","format":"standard","meta":{"footnotes":""},"categories":[253],"tags":[],"class_list":["post-92087","post","type-post","status-publish","format-standard","has-post-thumbnail","hentry","category-cidade"],"_links":{"self":[{"href":"https:\/\/diarioregionaldigital.com.br\/index.php?rest_route=\/wp\/v2\/posts\/92087","targetHints":{"allow":["GET"]}}],"collection":[{"href":"https:\/\/diarioregionaldigital.com.br\/index.php?rest_route=\/wp\/v2\/posts"}],"about":[{"href":"https:\/\/diarioregionaldigital.com.br\/index.php?rest_route=\/wp\/v2\/types\/post"}],"author":[{"embeddable":true,"href":"https:\/\/diarioregionaldigital.com.br\/index.php?rest_route=\/wp\/v2\/users\/96"}],"replies":[{"embeddable":true,"href":"https:\/\/diarioregionaldigital.com.br\/index.php?rest_route=%2Fwp%2Fv2%2Fcomments&post=92087"}],"version-history":[{"count":0,"href":"https:\/\/diarioregionaldigital.com.br\/index.php?rest_route=\/wp\/v2\/posts\/92087\/revisions"}],"wp:featuredmedia":[{"embeddable":true,"href":"https:\/\/diarioregionaldigital.com.br\/index.php?rest_route=\/wp\/v2\/media\/92086"}],"wp:attachment":[{"href":"https:\/\/diarioregionaldigital.com.br\/index.php?rest_route=%2Fwp%2Fv2%2Fmedia&parent=92087"}],"wp:term":[{"taxonomy":"category","embeddable":true,"href":"https:\/\/diarioregionaldigital.com.br\/index.php?rest_route=%2Fwp%2Fv2%2Fcategories&post=92087"},{"taxonomy":"post_tag","embeddable":true,"href":"https:\/\/diarioregionaldigital.com.br\/index.php?rest_route=%2Fwp%2Fv2%2Ftags&post=92087"}],"curies":[{"name":"wp","href":"https:\/\/api.w.org\/{rel}","templated":true}]}}