{"id":92059,"date":"2018-02-17T16:43:40","date_gmt":"2018-02-17T18:43:40","guid":{"rendered":"http:\/\/diarioregionaljf.com.br\/2018\/02\/17\/temer-anuncia-criacao-do-ministerio-extraordinario-da-seguranca-publica\/"},"modified":"2018-02-17T16:43:40","modified_gmt":"2018-02-17T18:43:40","slug":"temer-anuncia-criacao-do-ministerio-extraordinario-da-seguranca-publica","status":"publish","type":"post","link":"https:\/\/diarioregionaldigital.com.br\/?p=92059","title":{"rendered":"Temer anuncia cria\u00e7\u00e3o do Minist\u00e9rio Extraordin\u00e1rio da Seguran\u00e7a P\u00fablica"},"content":{"rendered":"<p>Ap\u00f3s reuni\u00e3o realizada hoje (17) no Pal\u00e1cio Guanabara, sede do governo do estado do Rio de Janeiro, para tratar da interven\u00e7\u00e3o militar no estado, o presidente da Rep\u00fablica, Michel Temer, anunciou a cria\u00e7\u00e3o do Minist\u00e9rio da Seguran\u00e7a P\u00fablica. Ele n\u00e3o respondeu perguntas da imprensa e n\u00e3o falou quem assumiria a nova pasta.<\/p>\n<p>&#8220;N\u00f3s n\u00e3o vamos parar por a\u00ed. Muito brevemente, na pr\u00f3xima semana ou na outra no mais tardar, eu quero criar o Minist\u00e9rio Extraordin\u00e1rio da Seguran\u00e7a P\u00fablica, que vai coordenar a seguran\u00e7a p\u00fablica em todo o pa\u00eds, evidentemente sem invadir as compet\u00eancias de cada estado federado&#8221;, disse o presidente.<\/p>\n<p>Temer destacou a uni\u00e3o de esfor\u00e7os e a concord\u00e2ncia do governador do Rio de Janeiro, Luiz Fernando Pez\u00e3o, com a interven\u00e7\u00e3o. &#8220;A situa\u00e7\u00e3o do Rio de Janeiro cria tamb\u00e9m problemas em outros estados, porque se as coisas desanda aqui a tend\u00eancia \u00e9 desandar no resto do pa\u00eds&#8221;, acrescentou.<\/p>\n<p>Participaram do encontro o governador do Rio, Luiz Fernando Pez\u00e3o, os ministros da Fazenda, Henrique Meirelles; e da Secretaroa-Geral da Presid\u00eancia da Rep\u00fablica, Moreira Franco; o general Walter Braga Netto, nomeado interventor da \u00e1rea de seguran\u00e7a publica no estado; e outros oficiais militares. Eles trataram do planejamento da interven\u00e7\u00e3o militar que foi determinada em decreto presidencial assinado ontem (16).<\/p>\n<p>O secret\u00e1rio de estado de seguran\u00e7a Roberto S\u00e1 foi afastado do cargo e o general Walter Braga Netto ser\u00e1, na pr\u00e1tica, quem cuidar\u00e1 de todas as quest\u00f5es ligadas \u00e0 seguran\u00e7a p\u00fablica. O decreto j\u00e1 est\u00e1 em vigor mas precisar\u00e1 ser confirmado pelo Congresso para seguir valendo.<\/p>\n<p>Fonte: Ag\u00eancia Brasil<\/p>\n","protected":false},"excerpt":{"rendered":"<p>Ap\u00f3s reuni\u00e3o realizada hoje (17) no Pal\u00e1cio Guanabara, sede do governo do estado do Rio de Janeiro, para tratar da interven\u00e7\u00e3o militar no estado, o presidente da Rep\u00fablica, Michel Temer, anunciou a cria\u00e7\u00e3o do Minist\u00e9rio da Seguran\u00e7a P\u00fablica. Ele n\u00e3o respondeu perguntas da imprensa e n\u00e3o falou quem assumiria a nova pasta. &#8220;N\u00f3s n\u00e3o vamos [&hellip;]<\/p>\n","protected":false},"author":96,"featured_media":92058,"comment_status":"closed","ping_status":"closed","sticky":false,"template":"","format":"standard","meta":{"footnotes":""},"categories":[254],"tags":[],"class_list":["post-92059","post","type-post","status-publish","format-standard","has-post-thumbnail","hentry","category-politica"],"_links":{"self":[{"href":"https:\/\/diarioregionaldigital.com.br\/index.php?rest_route=\/wp\/v2\/posts\/92059","targetHints":{"allow":["GET"]}}],"collection":[{"href":"https:\/\/diarioregionaldigital.com.br\/index.php?rest_route=\/wp\/v2\/posts"}],"about":[{"href":"https:\/\/diarioregionaldigital.com.br\/index.php?rest_route=\/wp\/v2\/types\/post"}],"author":[{"embeddable":true,"href":"https:\/\/diarioregionaldigital.com.br\/index.php?rest_route=\/wp\/v2\/users\/96"}],"replies":[{"embeddable":true,"href":"https:\/\/diarioregionaldigital.com.br\/index.php?rest_route=%2Fwp%2Fv2%2Fcomments&post=92059"}],"version-history":[{"count":0,"href":"https:\/\/diarioregionaldigital.com.br\/index.php?rest_route=\/wp\/v2\/posts\/92059\/revisions"}],"wp:featuredmedia":[{"embeddable":true,"href":"https:\/\/diarioregionaldigital.com.br\/index.php?rest_route=\/wp\/v2\/media\/92058"}],"wp:attachment":[{"href":"https:\/\/diarioregionaldigital.com.br\/index.php?rest_route=%2Fwp%2Fv2%2Fmedia&parent=92059"}],"wp:term":[{"taxonomy":"category","embeddable":true,"href":"https:\/\/diarioregionaldigital.com.br\/index.php?rest_route=%2Fwp%2Fv2%2Fcategories&post=92059"},{"taxonomy":"post_tag","embeddable":true,"href":"https:\/\/diarioregionaldigital.com.br\/index.php?rest_route=%2Fwp%2Fv2%2Ftags&post=92059"}],"curies":[{"name":"wp","href":"https:\/\/api.w.org\/{rel}","templated":true}]}}