{"id":92055,"date":"2018-02-17T15:54:54","date_gmt":"2018-02-17T17:54:54","guid":{"rendered":"http:\/\/diarioregionaljf.com.br\/2018\/02\/17\/onibus-e-assaltado-no-bairro-santa-luzia\/"},"modified":"2018-02-17T15:54:54","modified_gmt":"2018-02-17T17:54:54","slug":"onibus-e-assaltado-no-bairro-santa-luzia","status":"publish","type":"post","link":"https:\/\/diarioregionaldigital.com.br\/?p=92055","title":{"rendered":"\u00d4nibus \u00e9 assaltado no bairro Santa Luzia"},"content":{"rendered":"<p>Um \u00f4nibus foi assaltado na noite desta sexta-feira, 16, no bairro Santa Luzia, localizado na zona Sul da cidade.<\/p>\n<p>De acordo com o registro de ocorr\u00eancias da Pol\u00edcia Militar (PM), o coletivo passava pela esquina da Rua Ibitiguaia com a Rua Ch\u00e1cara, momento em que um indiv\u00edduo entrou no ve\u00edculo e anunciou o assalto.<\/p>\n<p>A cobradora do coletivo, de 43 anos, sofreu amea\u00e7as do autor, que pedia dinheiro.<\/p>\n<p>O assaltante roubou a quantia de R$20, n\u00e3o conseguindo levar mais devido o outro montante estar localizado no cofre do coletivo. Ap\u00f3s o crime ele fugiu tomando rumo ignorado.<\/p>\n<p>A PM foi acionada e realizou rastreamento pela regi\u00e3o, vindo a encontrar o autor, de 34 anos, que foi reconhecido pela v\u00edtima.<\/p>\n<p>O autor foi preso em flagrante e conduzido para delegacia.<\/p>\n","protected":false},"excerpt":{"rendered":"<p>Um \u00f4nibus foi assaltado na noite desta sexta-feira, 16, no bairro Santa Luzia, localizado na zona Sul da cidade. De acordo com o registro de ocorr\u00eancias da Pol\u00edcia Militar (PM), o coletivo passava pela esquina da Rua Ibitiguaia com a Rua Ch\u00e1cara, momento em que um indiv\u00edduo entrou no ve\u00edculo e anunciou o assalto. A [&hellip;]<\/p>\n","protected":false},"author":96,"featured_media":92054,"comment_status":"closed","ping_status":"closed","sticky":false,"template":"","format":"standard","meta":{"footnotes":""},"categories":[301],"tags":[],"class_list":["post-92055","post","type-post","status-publish","format-standard","has-post-thumbnail","hentry","category-artigos-policiais"],"_links":{"self":[{"href":"https:\/\/diarioregionaldigital.com.br\/index.php?rest_route=\/wp\/v2\/posts\/92055","targetHints":{"allow":["GET"]}}],"collection":[{"href":"https:\/\/diarioregionaldigital.com.br\/index.php?rest_route=\/wp\/v2\/posts"}],"about":[{"href":"https:\/\/diarioregionaldigital.com.br\/index.php?rest_route=\/wp\/v2\/types\/post"}],"author":[{"embeddable":true,"href":"https:\/\/diarioregionaldigital.com.br\/index.php?rest_route=\/wp\/v2\/users\/96"}],"replies":[{"embeddable":true,"href":"https:\/\/diarioregionaldigital.com.br\/index.php?rest_route=%2Fwp%2Fv2%2Fcomments&post=92055"}],"version-history":[{"count":0,"href":"https:\/\/diarioregionaldigital.com.br\/index.php?rest_route=\/wp\/v2\/posts\/92055\/revisions"}],"wp:featuredmedia":[{"embeddable":true,"href":"https:\/\/diarioregionaldigital.com.br\/index.php?rest_route=\/wp\/v2\/media\/92054"}],"wp:attachment":[{"href":"https:\/\/diarioregionaldigital.com.br\/index.php?rest_route=%2Fwp%2Fv2%2Fmedia&parent=92055"}],"wp:term":[{"taxonomy":"category","embeddable":true,"href":"https:\/\/diarioregionaldigital.com.br\/index.php?rest_route=%2Fwp%2Fv2%2Fcategories&post=92055"},{"taxonomy":"post_tag","embeddable":true,"href":"https:\/\/diarioregionaldigital.com.br\/index.php?rest_route=%2Fwp%2Fv2%2Ftags&post=92055"}],"curies":[{"name":"wp","href":"https:\/\/api.w.org\/{rel}","templated":true}]}}