{"id":92053,"date":"2018-02-17T15:38:36","date_gmt":"2018-02-17T17:38:36","guid":{"rendered":"http:\/\/diarioregionaljf.com.br\/2018\/02\/17\/carnaval-2018-mobilizou-cerca-de-70-mil-pessoas-em-jf\/"},"modified":"2018-02-17T15:38:36","modified_gmt":"2018-02-17T17:38:36","slug":"carnaval-2018-mobilizou-cerca-de-70-mil-pessoas-em-jf","status":"publish","type":"post","link":"https:\/\/diarioregionaldigital.com.br\/?p=92053","title":{"rendered":"Carnaval 2018 mobilizou cerca de 70 mil pessoas em JF"},"content":{"rendered":"<p>Aproximadamente 70 mil pessoas participaram dos eventos p\u00fablicos do Carnaval 2018 em Juiz de Fora. Em 15 dias de programa\u00e7\u00e3o, foram disponibilizadas em torno de 70 atra\u00e7\u00f5es, promovidas ou apoiadas pela Prefeitura de Juiz de Fora, por meio da Funalfa, incluindo blocos, bailes e shows.<\/p>\n<p>A ades\u00e3o \u00e0 maior festa popular da cidade manteve a m\u00e9dia dos anos anteriores, considerando que em 2018 n\u00e3o foram realizados os desfiles competitivos das escolas de samba e houve redu\u00e7\u00e3o no n\u00famero de blocos e de shows do Corredor da Folia. \u201cEmbora o total de blocos tenha sido menor, observamos que a quantidade de foli\u00f5es aumentou significativamente em muitos deles,\u201d afirma o superintendente da Funalfa, R\u00f4mulo Veiga.<\/p>\n<p>Ele faz um balan\u00e7o positivo da Folia de Momo, sobretudo com rela\u00e7\u00e3o \u00e0 seguran\u00e7a e \u00e0 redu\u00e7\u00e3o dos impactos negativos na din\u00e2mica da cidade, como os setores de transporte e tr\u00e2nsito. \u201cN\u00e3o tivemos ocorr\u00eancias graves durante os eventos, embora existam registros isolados de brigas ap\u00f3s o t\u00e9rmino de alguns poucos blocos\u201d.<\/p>\n<p>R\u00f4mulo destaca que a equipe da Funalfa trabalha na prepara\u00e7\u00e3o do Edital de Incentivo \u00e0 Requalifica\u00e7\u00e3o das Escolas de Samba. O recurso previsto \u00e9 de R$ 150 mil que, conforme o superintendente, ser\u00e3o liberados de forma escalonada, ao longo do ano, por meio do Fundo Municipal de Incentivo \u00e0 Cultura. \u201cA ideia \u00e9 incentivar a requalifica\u00e7\u00e3o das escolas de forma ampla, sempre com vi\u00e9s social, seja por meio de projetos esportivos ou atividades de lazer e cultura\u201d. Ele observa que algumas agremia\u00e7\u00f5es podem demandar reforma predial da quadra e, somente depois, apresentar\u00e3o projetos de viv\u00eancia dentro desse espa\u00e7o.<\/p>\n<p>Fonte: Assessoria \/ PJF<\/p>\n","protected":false},"excerpt":{"rendered":"<p>Aproximadamente 70 mil pessoas participaram dos eventos p\u00fablicos do Carnaval 2018 em Juiz de Fora. Em 15 dias de programa\u00e7\u00e3o, foram disponibilizadas em torno de 70 atra\u00e7\u00f5es, promovidas ou apoiadas pela Prefeitura de Juiz de Fora, por meio da Funalfa, incluindo blocos, bailes e shows. A ades\u00e3o \u00e0 maior festa popular da cidade manteve a [&hellip;]<\/p>\n","protected":false},"author":96,"featured_media":92052,"comment_status":"closed","ping_status":"closed","sticky":false,"template":"","format":"standard","meta":{"footnotes":""},"categories":[253],"tags":[],"class_list":["post-92053","post","type-post","status-publish","format-standard","has-post-thumbnail","hentry","category-cidade"],"_links":{"self":[{"href":"https:\/\/diarioregionaldigital.com.br\/index.php?rest_route=\/wp\/v2\/posts\/92053","targetHints":{"allow":["GET"]}}],"collection":[{"href":"https:\/\/diarioregionaldigital.com.br\/index.php?rest_route=\/wp\/v2\/posts"}],"about":[{"href":"https:\/\/diarioregionaldigital.com.br\/index.php?rest_route=\/wp\/v2\/types\/post"}],"author":[{"embeddable":true,"href":"https:\/\/diarioregionaldigital.com.br\/index.php?rest_route=\/wp\/v2\/users\/96"}],"replies":[{"embeddable":true,"href":"https:\/\/diarioregionaldigital.com.br\/index.php?rest_route=%2Fwp%2Fv2%2Fcomments&post=92053"}],"version-history":[{"count":0,"href":"https:\/\/diarioregionaldigital.com.br\/index.php?rest_route=\/wp\/v2\/posts\/92053\/revisions"}],"wp:featuredmedia":[{"embeddable":true,"href":"https:\/\/diarioregionaldigital.com.br\/index.php?rest_route=\/wp\/v2\/media\/92052"}],"wp:attachment":[{"href":"https:\/\/diarioregionaldigital.com.br\/index.php?rest_route=%2Fwp%2Fv2%2Fmedia&parent=92053"}],"wp:term":[{"taxonomy":"category","embeddable":true,"href":"https:\/\/diarioregionaldigital.com.br\/index.php?rest_route=%2Fwp%2Fv2%2Fcategories&post=92053"},{"taxonomy":"post_tag","embeddable":true,"href":"https:\/\/diarioregionaldigital.com.br\/index.php?rest_route=%2Fwp%2Fv2%2Ftags&post=92053"}],"curies":[{"name":"wp","href":"https:\/\/api.w.org\/{rel}","templated":true}]}}