{"id":92051,"date":"2018-02-17T15:31:54","date_gmt":"2018-02-17T17:31:54","guid":{"rendered":"http:\/\/diarioregionaljf.com.br\/2018\/02\/17\/jovem-sofre-tentativa-de-assalto-dentro-de-casa-no-bairro-nossa-senhora-de-lourdes\/"},"modified":"2018-02-17T15:31:54","modified_gmt":"2018-02-17T17:31:54","slug":"jovem-sofre-tentativa-de-assalto-dentro-de-casa-no-bairro-nossa-senhora-de-lourdes","status":"publish","type":"post","link":"https:\/\/diarioregionaldigital.com.br\/?p=92051","title":{"rendered":"Jovem sofre tentativa de assalto dentro de casa no bairro Nossa Senhora de Lourdes"},"content":{"rendered":"<p>Um jovem de 18 anos sofreu uma tentativa de roubo dentro de casa, nesta sexta-feira, 16, no bairro Nossa Senhora de Lourdes, zona Leste.<\/p>\n<p>De acordo com o registro de ocorr\u00eancias da Pol\u00edcia Militar (PM), a v\u00edtima foi abordada por um indiv\u00edduo, que de posse de uma arma de fogo, exigiu que entregasse dinheiro.<\/p>\n<p>O jovem foi conduzido pelo assaltante para o interior da resid\u00eancia, momento em que percebeu que a arma era de pl\u00e1stico. O jovem ent\u00e3o entrou em luta corporal com o autor, que por sua vez, fugiu do local, deixando o simulacro ca\u00eddo ao solo, al\u00e9m de uma bicicleta.<\/p>\n<p>A PM foi acionada, entretanto, nenhum suspeito foi encontrado.<\/p>\n","protected":false},"excerpt":{"rendered":"<p>Um jovem de 18 anos sofreu uma tentativa de roubo dentro de casa, nesta sexta-feira, 16, no bairro Nossa Senhora de Lourdes, zona Leste. De acordo com o registro de ocorr\u00eancias da Pol\u00edcia Militar (PM), a v\u00edtima foi abordada por um indiv\u00edduo, que de posse de uma arma de fogo, exigiu que entregasse dinheiro. O [&hellip;]<\/p>\n","protected":false},"author":96,"featured_media":92050,"comment_status":"closed","ping_status":"closed","sticky":false,"template":"","format":"standard","meta":{"footnotes":""},"categories":[301],"tags":[],"class_list":["post-92051","post","type-post","status-publish","format-standard","has-post-thumbnail","hentry","category-artigos-policiais"],"_links":{"self":[{"href":"https:\/\/diarioregionaldigital.com.br\/index.php?rest_route=\/wp\/v2\/posts\/92051","targetHints":{"allow":["GET"]}}],"collection":[{"href":"https:\/\/diarioregionaldigital.com.br\/index.php?rest_route=\/wp\/v2\/posts"}],"about":[{"href":"https:\/\/diarioregionaldigital.com.br\/index.php?rest_route=\/wp\/v2\/types\/post"}],"author":[{"embeddable":true,"href":"https:\/\/diarioregionaldigital.com.br\/index.php?rest_route=\/wp\/v2\/users\/96"}],"replies":[{"embeddable":true,"href":"https:\/\/diarioregionaldigital.com.br\/index.php?rest_route=%2Fwp%2Fv2%2Fcomments&post=92051"}],"version-history":[{"count":0,"href":"https:\/\/diarioregionaldigital.com.br\/index.php?rest_route=\/wp\/v2\/posts\/92051\/revisions"}],"wp:featuredmedia":[{"embeddable":true,"href":"https:\/\/diarioregionaldigital.com.br\/index.php?rest_route=\/wp\/v2\/media\/92050"}],"wp:attachment":[{"href":"https:\/\/diarioregionaldigital.com.br\/index.php?rest_route=%2Fwp%2Fv2%2Fmedia&parent=92051"}],"wp:term":[{"taxonomy":"category","embeddable":true,"href":"https:\/\/diarioregionaldigital.com.br\/index.php?rest_route=%2Fwp%2Fv2%2Fcategories&post=92051"},{"taxonomy":"post_tag","embeddable":true,"href":"https:\/\/diarioregionaldigital.com.br\/index.php?rest_route=%2Fwp%2Fv2%2Ftags&post=92051"}],"curies":[{"name":"wp","href":"https:\/\/api.w.org\/{rel}","templated":true}]}}