{"id":92049,"date":"2018-02-17T15:22:31","date_gmt":"2018-02-17T17:22:31","guid":{"rendered":"http:\/\/diarioregionaljf.com.br\/2018\/02\/17\/apos-denuncia-pm-prende-jovens-e-apreende-menores-envolvidos-com-trafico-de-drogas\/"},"modified":"2018-02-17T15:22:31","modified_gmt":"2018-02-17T17:22:31","slug":"apos-denuncia-pm-prende-jovens-e-apreende-menores-envolvidos-com-trafico-de-drogas","status":"publish","type":"post","link":"https:\/\/diarioregionaldigital.com.br\/?p=92049","title":{"rendered":"Ap\u00f3s den\u00fancia, PM prende jovens e apreende menores envolvidos com tr\u00e1fico de drogas"},"content":{"rendered":"<p>A Pol\u00edcia Militar (PM) prendeu dois jovens e apreendeu tr\u00eas menores, por envolvimento com tr\u00e1fico de drogas no bairro Vila Montanhesa, localizado na zona Nordeste da cidade. A a\u00e7\u00e3o ocorreu nesta sexta-feira, 16.<\/p>\n<p>De acordo com o registro de ocorr\u00eancias, ap\u00f3s den\u00fancia an\u00f4nima, uma guarni\u00e7\u00e3o da PM se deslocou at\u00e9 a Rua Amazonas, onde estaria ocorrendo com\u00e9rcio de entorpecentes.<\/p>\n<p>Ao chegar ao local os policiais se depararam com o jovem de 18 anos comercializando algumas drogas. Na companhia dele encontrava-se outro jovem, de 20 anos e tr\u00eas menores, entre eles, uma adolescente de 15 anos e dois rapazes de 15 e 16 anos.<\/p>\n<p>Os policiais realizaram abordagem e com um dos menores localizou seis por\u00e7\u00f5es de maconha, meio tablete da mesma subst\u00e2ncia, uma balan\u00e7a, R$22,00 em moeda corrente, uma garrucha de dois canos cal. 32.<\/p>\n<p>Os jovens foram presos e os menores apreendidos. Todos foram conduzidos para delegacia, juntamente com o material apreendidos.<\/p>\n","protected":false},"excerpt":{"rendered":"<p>A Pol\u00edcia Militar (PM) prendeu dois jovens e apreendeu tr\u00eas menores, por envolvimento com tr\u00e1fico de drogas no bairro Vila Montanhesa, localizado na zona Nordeste da cidade. A a\u00e7\u00e3o ocorreu nesta sexta-feira, 16. De acordo com o registro de ocorr\u00eancias, ap\u00f3s den\u00fancia an\u00f4nima, uma guarni\u00e7\u00e3o da PM se deslocou at\u00e9 a Rua Amazonas, onde estaria [&hellip;]<\/p>\n","protected":false},"author":96,"featured_media":92048,"comment_status":"closed","ping_status":"closed","sticky":false,"template":"","format":"standard","meta":{"footnotes":""},"categories":[301],"tags":[],"class_list":["post-92049","post","type-post","status-publish","format-standard","has-post-thumbnail","hentry","category-artigos-policiais"],"_links":{"self":[{"href":"https:\/\/diarioregionaldigital.com.br\/index.php?rest_route=\/wp\/v2\/posts\/92049","targetHints":{"allow":["GET"]}}],"collection":[{"href":"https:\/\/diarioregionaldigital.com.br\/index.php?rest_route=\/wp\/v2\/posts"}],"about":[{"href":"https:\/\/diarioregionaldigital.com.br\/index.php?rest_route=\/wp\/v2\/types\/post"}],"author":[{"embeddable":true,"href":"https:\/\/diarioregionaldigital.com.br\/index.php?rest_route=\/wp\/v2\/users\/96"}],"replies":[{"embeddable":true,"href":"https:\/\/diarioregionaldigital.com.br\/index.php?rest_route=%2Fwp%2Fv2%2Fcomments&post=92049"}],"version-history":[{"count":0,"href":"https:\/\/diarioregionaldigital.com.br\/index.php?rest_route=\/wp\/v2\/posts\/92049\/revisions"}],"wp:featuredmedia":[{"embeddable":true,"href":"https:\/\/diarioregionaldigital.com.br\/index.php?rest_route=\/wp\/v2\/media\/92048"}],"wp:attachment":[{"href":"https:\/\/diarioregionaldigital.com.br\/index.php?rest_route=%2Fwp%2Fv2%2Fmedia&parent=92049"}],"wp:term":[{"taxonomy":"category","embeddable":true,"href":"https:\/\/diarioregionaldigital.com.br\/index.php?rest_route=%2Fwp%2Fv2%2Fcategories&post=92049"},{"taxonomy":"post_tag","embeddable":true,"href":"https:\/\/diarioregionaldigital.com.br\/index.php?rest_route=%2Fwp%2Fv2%2Ftags&post=92049"}],"curies":[{"name":"wp","href":"https:\/\/api.w.org\/{rel}","templated":true}]}}