{"id":92047,"date":"2018-02-17T15:09:06","date_gmt":"2018-02-17T17:09:06","guid":{"rendered":"http:\/\/diarioregionaljf.com.br\/2018\/02\/17\/jovem-e-agredido-e-assaltado-por-dupla-no-bairro-paineiras\/"},"modified":"2018-02-17T15:09:06","modified_gmt":"2018-02-17T17:09:06","slug":"jovem-e-agredido-e-assaltado-por-dupla-no-bairro-paineiras","status":"publish","type":"post","link":"https:\/\/diarioregionaldigital.com.br\/?p=92047","title":{"rendered":"Jovem \u00e9 agredido e assaltado por dupla no bairro Paineiras"},"content":{"rendered":"<p>Um jovem de 22 anos foi agredido e assaltado nesta sexta-feira, 16, no bairro paineiras, localizado na regi\u00e3o central da cidade.<\/p>\n<p>Segundo a Pol\u00edcia Militar (PM), o jovem passava pela Avenida Oleg\u00e1rio Maciel quando foi abordado por dois indiv\u00edduos que anunciaram o assalto.<\/p>\n<p>Os autores usaram de for\u00e7a f\u00edsica e derrubaram a v\u00edtima no ch\u00e3o, lhe desferindo socos e chutes. A dupla roubou um aparelho celular e um rel\u00f3gio de pulso e fugiram a p\u00e9.<\/p>\n<p>A PM realizou buscas, entretanto nenhum suspeito foi encontrado.<\/p>\n","protected":false},"excerpt":{"rendered":"<p>Um jovem de 22 anos foi agredido e assaltado nesta sexta-feira, 16, no bairro paineiras, localizado na regi\u00e3o central da cidade. Segundo a Pol\u00edcia Militar (PM), o jovem passava pela Avenida Oleg\u00e1rio Maciel quando foi abordado por dois indiv\u00edduos que anunciaram o assalto. Os autores usaram de for\u00e7a f\u00edsica e derrubaram a v\u00edtima no ch\u00e3o, [&hellip;]<\/p>\n","protected":false},"author":96,"featured_media":92046,"comment_status":"closed","ping_status":"closed","sticky":false,"template":"","format":"standard","meta":{"footnotes":""},"categories":[301],"tags":[],"class_list":["post-92047","post","type-post","status-publish","format-standard","has-post-thumbnail","hentry","category-artigos-policiais"],"_links":{"self":[{"href":"https:\/\/diarioregionaldigital.com.br\/index.php?rest_route=\/wp\/v2\/posts\/92047","targetHints":{"allow":["GET"]}}],"collection":[{"href":"https:\/\/diarioregionaldigital.com.br\/index.php?rest_route=\/wp\/v2\/posts"}],"about":[{"href":"https:\/\/diarioregionaldigital.com.br\/index.php?rest_route=\/wp\/v2\/types\/post"}],"author":[{"embeddable":true,"href":"https:\/\/diarioregionaldigital.com.br\/index.php?rest_route=\/wp\/v2\/users\/96"}],"replies":[{"embeddable":true,"href":"https:\/\/diarioregionaldigital.com.br\/index.php?rest_route=%2Fwp%2Fv2%2Fcomments&post=92047"}],"version-history":[{"count":0,"href":"https:\/\/diarioregionaldigital.com.br\/index.php?rest_route=\/wp\/v2\/posts\/92047\/revisions"}],"wp:featuredmedia":[{"embeddable":true,"href":"https:\/\/diarioregionaldigital.com.br\/index.php?rest_route=\/wp\/v2\/media\/92046"}],"wp:attachment":[{"href":"https:\/\/diarioregionaldigital.com.br\/index.php?rest_route=%2Fwp%2Fv2%2Fmedia&parent=92047"}],"wp:term":[{"taxonomy":"category","embeddable":true,"href":"https:\/\/diarioregionaldigital.com.br\/index.php?rest_route=%2Fwp%2Fv2%2Fcategories&post=92047"},{"taxonomy":"post_tag","embeddable":true,"href":"https:\/\/diarioregionaldigital.com.br\/index.php?rest_route=%2Fwp%2Fv2%2Ftags&post=92047"}],"curies":[{"name":"wp","href":"https:\/\/api.w.org\/{rel}","templated":true}]}}