{"id":92043,"date":"2018-02-17T13:57:12","date_gmt":"2018-02-17T15:57:12","guid":{"rendered":"http:\/\/diarioregionaljf.com.br\/2018\/02\/17\/prefeito-bruno-siqueira-solicita-reforco-da-pm-nas-fronteiras-entre-minas-e-rio\/"},"modified":"2018-02-17T13:57:12","modified_gmt":"2018-02-17T15:57:12","slug":"prefeito-bruno-siqueira-solicita-reforco-da-pm-nas-fronteiras-entre-minas-e-rio","status":"publish","type":"post","link":"https:\/\/diarioregionaldigital.com.br\/?p=92043","title":{"rendered":"Prefeito Bruno Siqueira solicita refor\u00e7o da PM nas fronteiras entre Minas e Rio"},"content":{"rendered":"<p>O Prefeito Bruno Siqueira (PMDB), afirmou, por meio de um v\u00eddeo em uma rede social, que solicitou \u00e0 Pol\u00edcia Militar (PM) de Juiz de Fora um refor\u00e7o na seguran\u00e7a na cidade e regi\u00e3o. O v\u00eddeo foi publicado nesta sexta-feira, 16.<\/p>\n<p>De acordo com o prefeito, a solicita\u00e7\u00e3o surgiu devido aos \u00faltimos acontecimentos no Rio de Janeiro. O pedido de refor\u00e7o, realizado junto ao comandante da PM, Alexandre Nocelli, visa refor\u00e7ar medidas de prote\u00e7\u00e3o nas fronteiras entre os estados de Minas Gerais e Rio de Janeiro. O objetivo \u00e9 ampliar a seguran\u00e7a em Juiz de Fora e regi\u00e3o.<\/p>\n<p>Bruno destacou o trabalho realizado pela PM em Juiz de Fora e regi\u00e3o e explicou que a Pol\u00edcia Militar ir\u00e1 estudar a solicita\u00e7\u00e3o e o tema.<\/p>\n","protected":false},"excerpt":{"rendered":"<p>O Prefeito Bruno Siqueira (PMDB), afirmou, por meio de um v\u00eddeo em uma rede social, que solicitou \u00e0 Pol\u00edcia Militar (PM) de Juiz de Fora um refor\u00e7o na seguran\u00e7a na cidade e regi\u00e3o. O v\u00eddeo foi publicado nesta sexta-feira, 16. De acordo com o prefeito, a solicita\u00e7\u00e3o surgiu devido aos \u00faltimos acontecimentos no Rio de [&hellip;]<\/p>\n","protected":false},"author":96,"featured_media":92042,"comment_status":"closed","ping_status":"closed","sticky":false,"template":"","format":"standard","meta":{"footnotes":""},"categories":[253],"tags":[],"class_list":["post-92043","post","type-post","status-publish","format-standard","has-post-thumbnail","hentry","category-cidade"],"_links":{"self":[{"href":"https:\/\/diarioregionaldigital.com.br\/index.php?rest_route=\/wp\/v2\/posts\/92043","targetHints":{"allow":["GET"]}}],"collection":[{"href":"https:\/\/diarioregionaldigital.com.br\/index.php?rest_route=\/wp\/v2\/posts"}],"about":[{"href":"https:\/\/diarioregionaldigital.com.br\/index.php?rest_route=\/wp\/v2\/types\/post"}],"author":[{"embeddable":true,"href":"https:\/\/diarioregionaldigital.com.br\/index.php?rest_route=\/wp\/v2\/users\/96"}],"replies":[{"embeddable":true,"href":"https:\/\/diarioregionaldigital.com.br\/index.php?rest_route=%2Fwp%2Fv2%2Fcomments&post=92043"}],"version-history":[{"count":0,"href":"https:\/\/diarioregionaldigital.com.br\/index.php?rest_route=\/wp\/v2\/posts\/92043\/revisions"}],"wp:featuredmedia":[{"embeddable":true,"href":"https:\/\/diarioregionaldigital.com.br\/index.php?rest_route=\/wp\/v2\/media\/92042"}],"wp:attachment":[{"href":"https:\/\/diarioregionaldigital.com.br\/index.php?rest_route=%2Fwp%2Fv2%2Fmedia&parent=92043"}],"wp:term":[{"taxonomy":"category","embeddable":true,"href":"https:\/\/diarioregionaldigital.com.br\/index.php?rest_route=%2Fwp%2Fv2%2Fcategories&post=92043"},{"taxonomy":"post_tag","embeddable":true,"href":"https:\/\/diarioregionaldigital.com.br\/index.php?rest_route=%2Fwp%2Fv2%2Ftags&post=92043"}],"curies":[{"name":"wp","href":"https:\/\/api.w.org\/{rel}","templated":true}]}}