{"id":92041,"date":"2018-02-17T13:36:55","date_gmt":"2018-02-17T15:36:55","guid":{"rendered":"http:\/\/diarioregionaljf.com.br\/2018\/02\/17\/em-pronunciamento-temer-diz-que-intervencao-vai-restabelecer-a-ordem-no-rio\/"},"modified":"2018-02-17T13:36:55","modified_gmt":"2018-02-17T15:36:55","slug":"em-pronunciamento-temer-diz-que-intervencao-vai-restabelecer-a-ordem-no-rio","status":"publish","type":"post","link":"https:\/\/diarioregionaldigital.com.br\/?p=92041","title":{"rendered":"Em pronunciamento, Temer diz que interven\u00e7\u00e3o vai restabelecer a ordem no Rio"},"content":{"rendered":"<p>Em pronunciamento em rede nacional de r\u00e1dio e televis\u00e3o sobre o decreto de interven\u00e7\u00e3o federal na seguran\u00e7a do Rio de Janeiro, o presidente Michel Temer disse que a medida \u00e9 necess\u00e1ria diante da atua\u00e7\u00e3o do crime organizado no estado. O presidente anunciou a presen\u00e7a das For\u00e7as Armadas nas ruas e comunidades do Rio e disse que os pres\u00eddios n\u00e3o ser\u00e3o mais \u201cescrit\u00f3rios de bandidos\u201d.<\/p>\n<p>\u201cVoc\u00ea sabe que o crime organizado quase tomou conta do estado do Rio de Janeiro. Por isso, decretei hoje interven\u00e7\u00e3o federal na seguran\u00e7a p\u00fablica no Rio de Janeiro. Tomo medida extrema porque assim exigiram as circunst\u00e2ncias\u201d, disse.<\/p>\n<p>Assim como no an\u00fancio da medida, feito esta tarde, Temer comparou o crime organizado a \u201cuma met\u00e1stase que se espalha pelo pa\u00eds\u201d e disse que o governo dar\u00e1 respostas \u201cduras e firmes\u201d contra os criminosos e as quadrilhas.<\/p>\n<p>\u201cN\u00e3o aceitaremos mais passivamente a morte de inocentes. \u00c9 intoler\u00e1vel que estejamos enterrando pais e m\u00e3es de fam\u00edlia, trabalhadores honestos, policiais, jovens e crian\u00e7as. Estamos vendo bairros inteiros sitiados, escolas sob a mira de fuzis, avenidas transformadas em trincheiras. N\u00e3o vamos mais aceitar que matem nosso presente, nem continuem a assassinar nosso futuro.\u201d<\/p>\n<p>Durante o pronunciamento, Temer tamb\u00e9m pediu apoio dos moradores do Rio para que sejam \u201cvigilantes e parceiros\u201d no restabelecimento da ordem no Rio de Janeiro.<\/p>\n<p>O decreto de interven\u00e7\u00e3o federal na seguran\u00e7a p\u00fablica do Rio de Janeiro j\u00e1 est\u00e1 em vigor, ap\u00f3s publica\u00e7\u00e3o em edi\u00e7\u00e3o extra do Di\u00e1rio Oficial da Uni\u00e3o nesta sexta-feira. A medida, que foi discutida entre Temer, o governador do Rio de Janeiro, Luiz Fernando Pez\u00e3o, e os presidentes da C\u00e2mara, Rodrigo Maia, e do Senado, Eun\u00edcio Oliveira, precisa ser avalizada pelo Congresso Nacional.<\/p>\n<p>Em comunicado distribu\u00eddo a todas as organiza\u00e7\u00f5es militares na noite de hoje, o Ex\u00e9rcito informou que um outro decreto presidencial complementar dever\u00e1 detalhar e regulamentar alguns pontos da medida. \u201cO comandante do Ex\u00e9rcito, em face da gravidade da crise, entende que a solu\u00e7\u00e3o exigir\u00e1 comprometimento, sinergia e sacrif\u00edcio dos poderes constitucionais, das institui\u00e7\u00f5es e, eventualmente, da popula\u00e7\u00e3o\u201d, diz a nota, enviada pela Comunica\u00e7\u00e3o Social do Ex\u00e9rcito.<\/p>\n<p><span style=\"font-size: 18pt;\">Veja a \u00edntegra do pronunciamento do presidente Michel Temer:<\/span><\/p>\n<p>\u201cBoa noite. Venho at\u00e9 voc\u00ea para fazer uma importante comunica\u00e7\u00e3o. Voc\u00ea sabe que o crime organizado quase tomou conta do estado do Rio de Janeiro. \u00c9 uma met\u00e1stase que se espalha pelo pa\u00eds e amea\u00e7a a tranquilidade de nosso povo. Por isso, decretei hoje interven\u00e7\u00e3o federal na seguran\u00e7a p\u00fablica no Rio de Janeiro. Tomo medida extrema porque assim exigiram as circunst\u00e2ncias.<\/p>\n<p>O governo dar\u00e1 respostas duras, firmes e adotar\u00e1 todas as provid\u00eancias necess\u00e1rias para derrotar o crime organizado e as quadrilhas. N\u00e3o aceitaremos mais passivamente a morte de inocentes. \u00c9 intoler\u00e1vel que estejamos enterrando pais e m\u00e3es de fam\u00edlia, trabalhadores honestos, policiais, jovens e crian\u00e7as.<\/p>\n<p>Estamos vendo bairros inteiros sitiados, escolas sob a mira de fuzis, avenidas transformadas em trincheiras. N\u00e3o vamos mais aceitar que matem nosso presente, nem continuem a assassinar nosso futuro.<\/p>\n<p>A interven\u00e7\u00e3o foi constru\u00edda em di\u00e1logo com o governador do Rio de Janeiro, Luiz Fernando Pez\u00e3o. Nomeei interventor o comandante militar do Leste, general Walter Souza Braga Netto, que ter\u00e1 poderes para restaurar a tranquilidade do povo. As pol\u00edcias e as For\u00e7as Armadas estar\u00e3o nas ruas, avenidas, comunidades. Unidos, derrotaremos aqueles que sequestram a tranquilidade do povo em nossas cidades. Nossos pres\u00eddios n\u00e3o ser\u00e3o mais escrit\u00f3rios de bandidos, nem nossas pra\u00e7as continuar\u00e3o a ser sal\u00f5es de festa do crime organizado. Nossas estradas devem ser rota segura para motoristas honestos, n\u00e3o vias de transportes de drogas ou roubo de cargas.<\/p>\n<p>A desordem \u00e9 a pior das guerras. Come\u00e7amos uma batalha cujo o caminho \u00e9 o sucesso. E contamos com todos os homens e mulheres de bem ao nosso lado, apoiando, sendo vigilantes e parceiros nessa luta.<\/p>\n<p>J\u00e1 resgatamos o progresso e retiramos o pa\u00eds da pior recess\u00e3o de nossa hist\u00f3ria. \u00c9 hora de reestabelecer a ordem. E a manuten\u00e7\u00e3o da ordem foi o fundamento constitucional para a interven\u00e7\u00e3o, tal como prescreve o Artigo 34 da Constitui\u00e7\u00e3o Federal. Unidos, traremos seguran\u00e7a para o povo brasileiro. Obrigado pela aten\u00e7\u00e3o. Boa noite. Que Deus nos aben\u00e7oe\u201d.<\/p>\n<p>Fonte: Ag\u00eancia Brasil<\/p>\n","protected":false},"excerpt":{"rendered":"<p>Em pronunciamento em rede nacional de r\u00e1dio e televis\u00e3o sobre o decreto de interven\u00e7\u00e3o federal na seguran\u00e7a do Rio de Janeiro, o presidente Michel Temer disse que a medida \u00e9 necess\u00e1ria diante da atua\u00e7\u00e3o do crime organizado no estado. O presidente anunciou a presen\u00e7a das For\u00e7as Armadas nas ruas e comunidades do Rio e disse [&hellip;]<\/p>\n","protected":false},"author":96,"featured_media":92040,"comment_status":"closed","ping_status":"closed","sticky":false,"template":"","format":"standard","meta":{"footnotes":""},"categories":[254],"tags":[],"class_list":["post-92041","post","type-post","status-publish","format-standard","has-post-thumbnail","hentry","category-politica"],"_links":{"self":[{"href":"https:\/\/diarioregionaldigital.com.br\/index.php?rest_route=\/wp\/v2\/posts\/92041","targetHints":{"allow":["GET"]}}],"collection":[{"href":"https:\/\/diarioregionaldigital.com.br\/index.php?rest_route=\/wp\/v2\/posts"}],"about":[{"href":"https:\/\/diarioregionaldigital.com.br\/index.php?rest_route=\/wp\/v2\/types\/post"}],"author":[{"embeddable":true,"href":"https:\/\/diarioregionaldigital.com.br\/index.php?rest_route=\/wp\/v2\/users\/96"}],"replies":[{"embeddable":true,"href":"https:\/\/diarioregionaldigital.com.br\/index.php?rest_route=%2Fwp%2Fv2%2Fcomments&post=92041"}],"version-history":[{"count":0,"href":"https:\/\/diarioregionaldigital.com.br\/index.php?rest_route=\/wp\/v2\/posts\/92041\/revisions"}],"wp:featuredmedia":[{"embeddable":true,"href":"https:\/\/diarioregionaldigital.com.br\/index.php?rest_route=\/wp\/v2\/media\/92040"}],"wp:attachment":[{"href":"https:\/\/diarioregionaldigital.com.br\/index.php?rest_route=%2Fwp%2Fv2%2Fmedia&parent=92041"}],"wp:term":[{"taxonomy":"category","embeddable":true,"href":"https:\/\/diarioregionaldigital.com.br\/index.php?rest_route=%2Fwp%2Fv2%2Fcategories&post=92041"},{"taxonomy":"post_tag","embeddable":true,"href":"https:\/\/diarioregionaldigital.com.br\/index.php?rest_route=%2Fwp%2Fv2%2Ftags&post=92041"}],"curies":[{"name":"wp","href":"https:\/\/api.w.org\/{rel}","templated":true}]}}