{"id":92039,"date":"2018-02-17T13:18:58","date_gmt":"2018-02-17T15:18:58","guid":{"rendered":"http:\/\/diarioregionaljf.com.br\/2018\/02\/17\/hps-capacita-mais-de-140-profissionais-no-atendimento-sobre-febre-amarela-e-tuberculose\/"},"modified":"2018-02-17T13:18:58","modified_gmt":"2018-02-17T15:18:58","slug":"hps-capacita-mais-de-140-profissionais-no-atendimento-sobre-febre-amarela-e-tuberculose","status":"publish","type":"post","link":"https:\/\/diarioregionaldigital.com.br\/?p=92039","title":{"rendered":"HPS capacita mais de 140 profissionais no atendimento sobre febre amarela e tuberculose"},"content":{"rendered":"<p>O N\u00facleo de Educa\u00e7\u00e3o Permanente (NEP) do Hospital de Pronto Socorro (HPS) est\u00e1 realizando treinamento sobre tuberculose e febre amarela para os profissionais do hospital. J\u00e1 foram capacitados mais de 140 m\u00e9dicos, enfermeiros e auxiliares de enfermagem envolvidos no atendimento aos usu\u00e1rios, com objetivo de cumprir rapidamente os protocolos das secretarias de Sa\u00fade do munic\u00edpio e do estado, no diagn\u00f3stico e tratamento das doen\u00e7as.<\/p>\n<p>De acordo com o coordenador do NEP, Alessandro Moraes, \u00e9 necess\u00e1rio garantir seguran\u00e7a e agilidade na detec\u00e7\u00e3o e tratamento dos pacientes com casos suspeitos ou confirmados: \u201cO intuito do treinamento \u00e9 fazer com que os profissionais estejam cientes do protocolo de acolhimento, investiga\u00e7\u00e3o, tratamento e condu\u00e7\u00e3o de casos suspeitos ou confirmados de febre amarela e tuberculose, assim como os de rea\u00e7\u00e3o vacinal.\u201d<\/p>\n<p>Todo esse trabalho tem como prioridade garantir que o atendimento aos usu\u00e1rios do Sistema \u00danico de Sa\u00fade (SUS) seja o melhor poss\u00edvel, dentro dos crit\u00e9rios t\u00e9cnicos cient\u00edficos estabelecidos.<\/p>\n<p>Fonte: Assessoria \/ PJF<\/p>\n","protected":false},"excerpt":{"rendered":"<p>O N\u00facleo de Educa\u00e7\u00e3o Permanente (NEP) do Hospital de Pronto Socorro (HPS) est\u00e1 realizando treinamento sobre tuberculose e febre amarela para os profissionais do hospital. J\u00e1 foram capacitados mais de 140 m\u00e9dicos, enfermeiros e auxiliares de enfermagem envolvidos no atendimento aos usu\u00e1rios, com objetivo de cumprir rapidamente os protocolos das secretarias de Sa\u00fade do munic\u00edpio [&hellip;]<\/p>\n","protected":false},"author":96,"featured_media":92038,"comment_status":"closed","ping_status":"closed","sticky":false,"template":"","format":"standard","meta":{"footnotes":""},"categories":[253],"tags":[],"class_list":["post-92039","post","type-post","status-publish","format-standard","has-post-thumbnail","hentry","category-cidade"],"_links":{"self":[{"href":"https:\/\/diarioregionaldigital.com.br\/index.php?rest_route=\/wp\/v2\/posts\/92039","targetHints":{"allow":["GET"]}}],"collection":[{"href":"https:\/\/diarioregionaldigital.com.br\/index.php?rest_route=\/wp\/v2\/posts"}],"about":[{"href":"https:\/\/diarioregionaldigital.com.br\/index.php?rest_route=\/wp\/v2\/types\/post"}],"author":[{"embeddable":true,"href":"https:\/\/diarioregionaldigital.com.br\/index.php?rest_route=\/wp\/v2\/users\/96"}],"replies":[{"embeddable":true,"href":"https:\/\/diarioregionaldigital.com.br\/index.php?rest_route=%2Fwp%2Fv2%2Fcomments&post=92039"}],"version-history":[{"count":0,"href":"https:\/\/diarioregionaldigital.com.br\/index.php?rest_route=\/wp\/v2\/posts\/92039\/revisions"}],"wp:featuredmedia":[{"embeddable":true,"href":"https:\/\/diarioregionaldigital.com.br\/index.php?rest_route=\/wp\/v2\/media\/92038"}],"wp:attachment":[{"href":"https:\/\/diarioregionaldigital.com.br\/index.php?rest_route=%2Fwp%2Fv2%2Fmedia&parent=92039"}],"wp:term":[{"taxonomy":"category","embeddable":true,"href":"https:\/\/diarioregionaldigital.com.br\/index.php?rest_route=%2Fwp%2Fv2%2Fcategories&post=92039"},{"taxonomy":"post_tag","embeddable":true,"href":"https:\/\/diarioregionaldigital.com.br\/index.php?rest_route=%2Fwp%2Fv2%2Ftags&post=92039"}],"curies":[{"name":"wp","href":"https:\/\/api.w.org\/{rel}","templated":true}]}}