{"id":92037,"date":"2018-02-17T13:09:13","date_gmt":"2018-02-17T15:09:13","guid":{"rendered":"http:\/\/diarioregionaljf.com.br\/2018\/02\/17\/idosa-e-atropelada-por-moto-ao-atravessar-avenida-no-bairro-sao-dimas\/"},"modified":"2018-02-17T13:09:13","modified_gmt":"2018-02-17T15:09:13","slug":"idosa-e-atropelada-por-moto-ao-atravessar-avenida-no-bairro-sao-dimas","status":"publish","type":"post","link":"https:\/\/diarioregionaldigital.com.br\/?p=92037","title":{"rendered":"Idosa \u00e9 atropelada por moto ao atravessar avenida no bairro S\u00e3o Dimas"},"content":{"rendered":"<p>Uma senhora de 79 anos foi atropelada por uma motocicleta ao atravessar uma avenida no bairro S\u00e3o Dimas, localizado na zona Norte. O fato ocorreu nesta sexta-feira, 16.<\/p>\n<p>De acordo com o registro de ocorr\u00eancias da Pol\u00edcia Militar (PM), o condutor da motocicleta, de marca Honda, seguia pela faixa esquerda da Avenida Coronel Vidal, quando a v\u00edtima adentrou na via p\u00fablica sem os devidos cuidados de seguran\u00e7a.<\/p>\n<p>A senhora seguiu pela via em meio ao tr\u00e2nsito de ve\u00edculos, momento em que o motociclista, de 36 anos, tentou realizar manobra evasiva para n\u00e3o atingi-la, entretanto n\u00e3o obteve \u00eaxito.<\/p>\n<p>A senhora foi atingida pela moto vindo a sofrer escoria\u00e7\u00f5es no rosto. A v\u00edtima foi socorrida e encaminhada para Unidade de Sa\u00fade B\u00e1sica, ficando internada sob cuidados m\u00e9dicos, sem risco de morte.<\/p>\n","protected":false},"excerpt":{"rendered":"<p>Uma senhora de 79 anos foi atropelada por uma motocicleta ao atravessar uma avenida no bairro S\u00e3o Dimas, localizado na zona Norte. O fato ocorreu nesta sexta-feira, 16. De acordo com o registro de ocorr\u00eancias da Pol\u00edcia Militar (PM), o condutor da motocicleta, de marca Honda, seguia pela faixa esquerda da Avenida Coronel Vidal, quando [&hellip;]<\/p>\n","protected":false},"author":96,"featured_media":92036,"comment_status":"closed","ping_status":"closed","sticky":false,"template":"","format":"standard","meta":{"footnotes":""},"categories":[301],"tags":[],"class_list":["post-92037","post","type-post","status-publish","format-standard","has-post-thumbnail","hentry","category-artigos-policiais"],"_links":{"self":[{"href":"https:\/\/diarioregionaldigital.com.br\/index.php?rest_route=\/wp\/v2\/posts\/92037","targetHints":{"allow":["GET"]}}],"collection":[{"href":"https:\/\/diarioregionaldigital.com.br\/index.php?rest_route=\/wp\/v2\/posts"}],"about":[{"href":"https:\/\/diarioregionaldigital.com.br\/index.php?rest_route=\/wp\/v2\/types\/post"}],"author":[{"embeddable":true,"href":"https:\/\/diarioregionaldigital.com.br\/index.php?rest_route=\/wp\/v2\/users\/96"}],"replies":[{"embeddable":true,"href":"https:\/\/diarioregionaldigital.com.br\/index.php?rest_route=%2Fwp%2Fv2%2Fcomments&post=92037"}],"version-history":[{"count":0,"href":"https:\/\/diarioregionaldigital.com.br\/index.php?rest_route=\/wp\/v2\/posts\/92037\/revisions"}],"wp:featuredmedia":[{"embeddable":true,"href":"https:\/\/diarioregionaldigital.com.br\/index.php?rest_route=\/wp\/v2\/media\/92036"}],"wp:attachment":[{"href":"https:\/\/diarioregionaldigital.com.br\/index.php?rest_route=%2Fwp%2Fv2%2Fmedia&parent=92037"}],"wp:term":[{"taxonomy":"category","embeddable":true,"href":"https:\/\/diarioregionaldigital.com.br\/index.php?rest_route=%2Fwp%2Fv2%2Fcategories&post=92037"},{"taxonomy":"post_tag","embeddable":true,"href":"https:\/\/diarioregionaldigital.com.br\/index.php?rest_route=%2Fwp%2Fv2%2Ftags&post=92037"}],"curies":[{"name":"wp","href":"https:\/\/api.w.org\/{rel}","templated":true}]}}