{"id":92035,"date":"2018-02-17T12:24:36","date_gmt":"2018-02-17T14:24:36","guid":{"rendered":"http:\/\/diarioregionaljf.com.br\/2018\/02\/17\/ex-prefeito-tarcisio-delgado-e-condenado-por-improbidade-administrativa\/"},"modified":"2018-02-17T12:24:36","modified_gmt":"2018-02-17T14:24:36","slug":"ex-prefeito-tarcisio-delgado-e-condenado-por-improbidade-administrativa","status":"publish","type":"post","link":"https:\/\/diarioregionaldigital.com.br\/?p=92035","title":{"rendered":"Ex-prefeito Tarc\u00edsio Delgado \u00e9 condenado por improbidade administrativa"},"content":{"rendered":"<p>A pedido do Minist\u00e9rio P\u00fablico de Minas Gerais (MPMG), a Justi\u00e7a condenou ex-prefeito de Juiz de Fora, Tarc\u00edsio Delgado (gest\u00e3o 1997\/2004) e o superintendente da Associa\u00e7\u00e3o Municipal de Apoio Comunit\u00e1rio (Amac) \u00e0 \u00e9poca,&nbsp;Jos\u00e9 S\u00f3ter de Figueir\u00f4a Neto, por improbidade administrativa, pela contrata\u00e7\u00e3o de mais de mil servidores p\u00fablicos sem pr\u00e9via aprova\u00e7\u00e3o em concurso.<\/p>\n<p>Segundo a A\u00e7\u00e3o Civil P\u00fablica ajuizada pela Promotoria de Justi\u00e7a de Defesa do Patrim\u00f4nio P\u00fablico de Juiz de Fora, o ex-prefeito e o ex-superintendente contribu\u00edram diretamente para o ato \u00edmprobo uma vez que as contrata\u00e7\u00f5es eram ordenadas e autorizadas pelo primeiro e realizadas pelo segundo.<\/p>\n<p>Os r\u00e9us foram condenados \u00e0 perda da fun\u00e7\u00e3o p\u00fablica que eventualmente estejam exercendo quando do tr\u00e2nsito em julgado da senten\u00e7a; suspens\u00e3o dos direitos pol\u00edticos por tr\u00eas anos; pagamento de multa civil de 20 vezes o valor atualizado da \u00faltima remunera\u00e7\u00e3o recebida nos cargos de prefeito e superintendente; e a proibi\u00e7\u00e3o de contratarem com o Poder P\u00fablico ou de receber benef\u00edcios ou incentivos fiscais ou credit\u00edcios, direta ou indiretamente, pelo prazo de tr\u00eas anos.<\/p>\n<p>De acordo com a decis\u00e3o da 1\u00aa Vara da Fazenda P\u00fablica e Autarquias Municipais da Comarca de Juiz de Fora, apesar de negar tal status, a associa\u00e7\u00e3o caracteriza-se como entidade da administra\u00e7\u00e3o p\u00fablica indireta e, portanto, seria obrigada a realizar concurso p\u00fablico para a admiss\u00e3o de seus funcion\u00e1rios. \u201cA n\u00e3o realiza\u00e7\u00e3o de concurso p\u00fablico ofende a imparcialidade da administra\u00e7\u00e3o, uma vez que n\u00e3o respeita o princ\u00edpio da impessoalidade\u201d.<\/p>\n<p>Ainda cabe recurso da decis\u00e3o proferida nos autos do processo n\u00ba 0145.09.528801-8.<\/p>\n<p>O MPMG, por meio da Promotoria de Defesa do Patrim\u00f4nio P\u00fablico de Juiz de Fora, tamb\u00e9m prop\u00f4s a\u00e7\u00f5es contra os prefeitos e superintendentes da Amac nas gest\u00f5es 2005\/2008 e 2009\/2012. Todos foram condenados por improbidade administrativa.<\/p>\n<p>A equipe do Di\u00e1rio Regional busca contato com os envolvidos.<\/p>\n<p>Fonte: Assessoria \/ Minist\u00e9rio P\u00fablico de Minas Gerais<\/p>\n","protected":false},"excerpt":{"rendered":"<p>A pedido do Minist\u00e9rio P\u00fablico de Minas Gerais (MPMG), a Justi\u00e7a condenou ex-prefeito de Juiz de Fora, Tarc\u00edsio Delgado (gest\u00e3o 1997\/2004) e o superintendente da Associa\u00e7\u00e3o Municipal de Apoio Comunit\u00e1rio (Amac) \u00e0 \u00e9poca,&nbsp;Jos\u00e9 S\u00f3ter de Figueir\u00f4a Neto, por improbidade administrativa, pela contrata\u00e7\u00e3o de mais de mil servidores p\u00fablicos sem pr\u00e9via aprova\u00e7\u00e3o em concurso. Segundo a [&hellip;]<\/p>\n","protected":false},"author":96,"featured_media":92034,"comment_status":"closed","ping_status":"closed","sticky":false,"template":"","format":"standard","meta":{"footnotes":""},"categories":[254],"tags":[],"class_list":["post-92035","post","type-post","status-publish","format-standard","has-post-thumbnail","hentry","category-politica"],"_links":{"self":[{"href":"https:\/\/diarioregionaldigital.com.br\/index.php?rest_route=\/wp\/v2\/posts\/92035","targetHints":{"allow":["GET"]}}],"collection":[{"href":"https:\/\/diarioregionaldigital.com.br\/index.php?rest_route=\/wp\/v2\/posts"}],"about":[{"href":"https:\/\/diarioregionaldigital.com.br\/index.php?rest_route=\/wp\/v2\/types\/post"}],"author":[{"embeddable":true,"href":"https:\/\/diarioregionaldigital.com.br\/index.php?rest_route=\/wp\/v2\/users\/96"}],"replies":[{"embeddable":true,"href":"https:\/\/diarioregionaldigital.com.br\/index.php?rest_route=%2Fwp%2Fv2%2Fcomments&post=92035"}],"version-history":[{"count":0,"href":"https:\/\/diarioregionaldigital.com.br\/index.php?rest_route=\/wp\/v2\/posts\/92035\/revisions"}],"wp:featuredmedia":[{"embeddable":true,"href":"https:\/\/diarioregionaldigital.com.br\/index.php?rest_route=\/wp\/v2\/media\/92034"}],"wp:attachment":[{"href":"https:\/\/diarioregionaldigital.com.br\/index.php?rest_route=%2Fwp%2Fv2%2Fmedia&parent=92035"}],"wp:term":[{"taxonomy":"category","embeddable":true,"href":"https:\/\/diarioregionaldigital.com.br\/index.php?rest_route=%2Fwp%2Fv2%2Fcategories&post=92035"},{"taxonomy":"post_tag","embeddable":true,"href":"https:\/\/diarioregionaldigital.com.br\/index.php?rest_route=%2Fwp%2Fv2%2Ftags&post=92035"}],"curies":[{"name":"wp","href":"https:\/\/api.w.org\/{rel}","templated":true}]}}