{"id":92033,"date":"2018-02-17T11:20:18","date_gmt":"2018-02-17T13:20:18","guid":{"rendered":"http:\/\/diarioregionaljf.com.br\/2018\/02\/17\/jovem-e-ameacada-com-faca-durante-assalto-no-sao-mateus\/"},"modified":"2018-02-17T11:20:18","modified_gmt":"2018-02-17T13:20:18","slug":"jovem-e-ameacada-com-faca-durante-assalto-no-sao-mateus","status":"publish","type":"post","link":"https:\/\/diarioregionaldigital.com.br\/?p=92033","title":{"rendered":"Jovem \u00e9 amea\u00e7ada com faca durante assalto no S\u00e3o Mateus"},"content":{"rendered":"<p>Uma jovem de 25 anos foi assaltada na noite desta sexta-feira, 16, no bairro S\u00e3o Mateus, localizado na regi\u00e3o central.<\/p>\n<p>Segundo informa\u00e7\u00f5es da Pol\u00edcia Militar (PM), a jovem passava pela Rua Mamor\u00e9, quando foi abordada por um indiv\u00edduo que anunciou o assalto.<\/p>\n<p>O autor estava armado com uma faca e ap\u00f3s amea\u00e7as, roubou o celular da v\u00edtima e fugiu.<\/p>\n<p>A PM foi acionada e realizou buscas pela regi\u00e3o, entretanto nenhum suspeito foi localizado.<\/p>\n<p>A jovem recebeu as orienta\u00e7\u00f5es necess\u00e1rias.<\/p>\n","protected":false},"excerpt":{"rendered":"<p>Uma jovem de 25 anos foi assaltada na noite desta sexta-feira, 16, no bairro S\u00e3o Mateus, localizado na regi\u00e3o central. Segundo informa\u00e7\u00f5es da Pol\u00edcia Militar (PM), a jovem passava pela Rua Mamor\u00e9, quando foi abordada por um indiv\u00edduo que anunciou o assalto. O autor estava armado com uma faca e ap\u00f3s amea\u00e7as, roubou o celular [&hellip;]<\/p>\n","protected":false},"author":96,"featured_media":92032,"comment_status":"closed","ping_status":"closed","sticky":false,"template":"","format":"standard","meta":{"footnotes":""},"categories":[301],"tags":[],"class_list":["post-92033","post","type-post","status-publish","format-standard","has-post-thumbnail","hentry","category-artigos-policiais"],"_links":{"self":[{"href":"https:\/\/diarioregionaldigital.com.br\/index.php?rest_route=\/wp\/v2\/posts\/92033","targetHints":{"allow":["GET"]}}],"collection":[{"href":"https:\/\/diarioregionaldigital.com.br\/index.php?rest_route=\/wp\/v2\/posts"}],"about":[{"href":"https:\/\/diarioregionaldigital.com.br\/index.php?rest_route=\/wp\/v2\/types\/post"}],"author":[{"embeddable":true,"href":"https:\/\/diarioregionaldigital.com.br\/index.php?rest_route=\/wp\/v2\/users\/96"}],"replies":[{"embeddable":true,"href":"https:\/\/diarioregionaldigital.com.br\/index.php?rest_route=%2Fwp%2Fv2%2Fcomments&post=92033"}],"version-history":[{"count":0,"href":"https:\/\/diarioregionaldigital.com.br\/index.php?rest_route=\/wp\/v2\/posts\/92033\/revisions"}],"wp:featuredmedia":[{"embeddable":true,"href":"https:\/\/diarioregionaldigital.com.br\/index.php?rest_route=\/wp\/v2\/media\/92032"}],"wp:attachment":[{"href":"https:\/\/diarioregionaldigital.com.br\/index.php?rest_route=%2Fwp%2Fv2%2Fmedia&parent=92033"}],"wp:term":[{"taxonomy":"category","embeddable":true,"href":"https:\/\/diarioregionaldigital.com.br\/index.php?rest_route=%2Fwp%2Fv2%2Fcategories&post=92033"},{"taxonomy":"post_tag","embeddable":true,"href":"https:\/\/diarioregionaldigital.com.br\/index.php?rest_route=%2Fwp%2Fv2%2Ftags&post=92033"}],"curies":[{"name":"wp","href":"https:\/\/api.w.org\/{rel}","templated":true}]}}