{"id":92029,"date":"2018-02-17T11:05:03","date_gmt":"2018-02-17T13:05:03","guid":{"rendered":"http:\/\/diarioregionaljf.com.br\/2018\/02\/17\/dupla-invade-onibus-e-assalta-passageira-e-cobrador\/"},"modified":"2018-02-17T11:05:03","modified_gmt":"2018-02-17T13:05:03","slug":"dupla-invade-onibus-e-assalta-passageira-e-cobrador","status":"publish","type":"post","link":"https:\/\/diarioregionaldigital.com.br\/?p=92029","title":{"rendered":"Dupla invade \u00f4nibus e assalta passageira e cobrador"},"content":{"rendered":"<p>A Pol\u00edcia militar (PM) registrou na noite desta sexta-feira, 16, um assalto a coletivo, no bairro Milho Branco, localizado na zona Norte da cidade.<\/p>\n<p>De acordo com o registro da ocorr\u00eancia, dois indiv\u00edduos entraram no \u00f4nibuis, quando o mesmo encontrava-se na Rua Ivan Batista de Oliveira, e anunciaram o assalto.<\/p>\n<p>Os autores simulavam estar armados e ap\u00f3s amea\u00e7as, roubaram o celular de uma passageira, de 29 anos, al\u00e9m de R$200 reais do cobrador do \u00f4nibus, um senhor de 60 anos.<\/p>\n<p>Ap\u00f3s o crime a dupla fugiu em sentido ignorado.<\/p>\n<p>A PM realizou buscas, entretanto, nenhum suspeito foi encontrado.<\/p>\n","protected":false},"excerpt":{"rendered":"<p>A Pol\u00edcia militar (PM) registrou na noite desta sexta-feira, 16, um assalto a coletivo, no bairro Milho Branco, localizado na zona Norte da cidade. De acordo com o registro da ocorr\u00eancia, dois indiv\u00edduos entraram no \u00f4nibuis, quando o mesmo encontrava-se na Rua Ivan Batista de Oliveira, e anunciaram o assalto. Os autores simulavam estar armados [&hellip;]<\/p>\n","protected":false},"author":96,"featured_media":92028,"comment_status":"closed","ping_status":"closed","sticky":false,"template":"","format":"standard","meta":{"footnotes":""},"categories":[301],"tags":[],"class_list":["post-92029","post","type-post","status-publish","format-standard","has-post-thumbnail","hentry","category-artigos-policiais"],"_links":{"self":[{"href":"https:\/\/diarioregionaldigital.com.br\/index.php?rest_route=\/wp\/v2\/posts\/92029","targetHints":{"allow":["GET"]}}],"collection":[{"href":"https:\/\/diarioregionaldigital.com.br\/index.php?rest_route=\/wp\/v2\/posts"}],"about":[{"href":"https:\/\/diarioregionaldigital.com.br\/index.php?rest_route=\/wp\/v2\/types\/post"}],"author":[{"embeddable":true,"href":"https:\/\/diarioregionaldigital.com.br\/index.php?rest_route=\/wp\/v2\/users\/96"}],"replies":[{"embeddable":true,"href":"https:\/\/diarioregionaldigital.com.br\/index.php?rest_route=%2Fwp%2Fv2%2Fcomments&post=92029"}],"version-history":[{"count":0,"href":"https:\/\/diarioregionaldigital.com.br\/index.php?rest_route=\/wp\/v2\/posts\/92029\/revisions"}],"wp:featuredmedia":[{"embeddable":true,"href":"https:\/\/diarioregionaldigital.com.br\/index.php?rest_route=\/wp\/v2\/media\/92028"}],"wp:attachment":[{"href":"https:\/\/diarioregionaldigital.com.br\/index.php?rest_route=%2Fwp%2Fv2%2Fmedia&parent=92029"}],"wp:term":[{"taxonomy":"category","embeddable":true,"href":"https:\/\/diarioregionaldigital.com.br\/index.php?rest_route=%2Fwp%2Fv2%2Fcategories&post=92029"},{"taxonomy":"post_tag","embeddable":true,"href":"https:\/\/diarioregionaldigital.com.br\/index.php?rest_route=%2Fwp%2Fv2%2Ftags&post=92029"}],"curies":[{"name":"wp","href":"https:\/\/api.w.org\/{rel}","templated":true}]}}