{"id":92025,"date":"2018-02-16T23:19:34","date_gmt":"2018-02-17T01:19:34","guid":{"rendered":"http:\/\/diarioregionaljf.com.br\/2018\/02\/16\/fashion-news-16-02-2018\/"},"modified":"2018-02-16T23:19:34","modified_gmt":"2018-02-17T01:19:34","slug":"fashion-news-16-02-2018","status":"publish","type":"post","link":"https:\/\/diarioregionaldigital.com.br\/?p=92025","title":{"rendered":"FASHION NEWS 18\/02\/2018"},"content":{"rendered":"<p>Os len\u00e7os est\u00e3o sempre fazendo a cabe\u00e7a das fashionistas. Acess\u00f3rio poderoso, \u00e9 um grande aliado para diversificar os looks .Usados como turbantes deixam os looks b\u00e1sicos muito mais interessantes. Podem arrematar coques, rabos de cavalo ou fazer \u00e0s vezes de tiara. Tamb\u00e9m podem enfeitar pulsos, tornozelos e do jeito mais cl\u00e1ssico, arrematando o pesco\u00e7o! Fazem \u00e0s vezes de cinto, de al\u00e7as de bolsa, e vale at\u00e9 transformar os len\u00e7os em blusas e vestidos com amarra\u00e7\u00f5es no pesco\u00e7o para variar o look. Pecinha vers\u00e1til !!<\/p>\n<p><img loading=\"lazy\" decoding=\"async\" class=\" size-full wp-image-92014\" src=\"http:\/\/diarioregionaljf.com.br\/wp-content\/uploads\/2018\/02\/diario-int-24225-1.jpg\" alt=\"amarre-se 2.jpg\" width=\"300\" height=\"450\" srcset=\"https:\/\/diarioregionaldigital.com.br\/wp-content\/uploads\/2018\/02\/diario-int-24225-1.jpg 300w, https:\/\/diarioregionaldigital.com.br\/wp-content\/uploads\/2018\/02\/diario-int-24225-1-200x300.jpg 200w\" sizes=\"auto, (max-width: 300px) 100vw, 300px\" \/><img loading=\"lazy\" decoding=\"async\" class=\" size-full wp-image-92015\" src=\"http:\/\/diarioregionaljf.com.br\/wp-content\/uploads\/2018\/02\/diario-int-24225-2.jpg\" alt=\"amarre-se.jpg\" width=\"374\" height=\"450\" srcset=\"https:\/\/diarioregionaldigital.com.br\/wp-content\/uploads\/2018\/02\/diario-int-24225-2.jpg 374w, https:\/\/diarioregionaldigital.com.br\/wp-content\/uploads\/2018\/02\/diario-int-24225-2-249x300.jpg 249w, https:\/\/diarioregionaldigital.com.br\/wp-content\/uploads\/2018\/02\/diario-int-24225-2-360x433.jpg 360w\" sizes=\"auto, (max-width: 374px) 100vw, 374px\" \/><\/p>\n<p><strong>BEM B\u00c1SICA<\/strong><\/p>\n<p>Geralmente um arm\u00e1rio \u00e9 composto por 60% de pe\u00e7as b\u00e1sicas. Mesmo as pessoas que primam por um estilo mais arrojado possuem v\u00e1rias pe\u00e7as b\u00e1sicas no seu guarda roupa. As pe\u00e7as b\u00e1sicas s\u00e3o vers\u00e1teis e combinam com qualquer estilo e funcionam como \u201cbase\u201d para constru\u00e7\u00e3o de looks. Aproveite o per\u00edodo de promo\u00e7\u00f5es e invista em pe\u00e7as modernas e confort\u00e1veis, para vencer o dia a dia com classe e estilo!<\/p>\n<p><img loading=\"lazy\" decoding=\"async\" class=\" size-full wp-image-92016\" src=\"http:\/\/diarioregionaljf.com.br\/wp-content\/uploads\/2018\/02\/diario-int-24225-3.jpg\" alt=\"bem b\u00e1sica blazer + t-shirt.jpg\" style=\"display: block; margin-left: auto; margin-right: auto;\" width=\"269\" height=\"450\" srcset=\"https:\/\/diarioregionaldigital.com.br\/wp-content\/uploads\/2018\/02\/diario-int-24225-3.jpg 269w, https:\/\/diarioregionaldigital.com.br\/wp-content\/uploads\/2018\/02\/diario-int-24225-3-179x300.jpg 179w\" sizes=\"auto, (max-width: 269px) 100vw, 269px\" \/><\/p>\n<p><strong>#T-shirt<\/strong> \u2013 sempre foram pe\u00e7as b\u00e1sicas no guarda-roupa e continuam com for\u00e7a total, vale as com dizeres divertidos, para n\u00e3o perder o bom humor no dia a dia, mas as imbat\u00edveis vers\u00f5es em preto e branco n\u00e3o podem faltar, combinam com tudo!<\/p>\n<p style=\"text-align: justify;\"><img loading=\"lazy\" decoding=\"async\" class=\" size-full wp-image-92017\" src=\"http:\/\/diarioregionaljf.com.br\/wp-content\/uploads\/2018\/02\/diario-int-24225-4.jpg\" alt=\"bem b\u00e1sica blazer.jpg\" style=\"display: block; margin-left: auto; margin-right: auto;\" width=\"270\" height=\"450\" srcset=\"https:\/\/diarioregionaldigital.com.br\/wp-content\/uploads\/2018\/02\/diario-int-24225-4.jpg 270w, https:\/\/diarioregionaldigital.com.br\/wp-content\/uploads\/2018\/02\/diario-int-24225-4-180x300.jpg 180w\" sizes=\"auto, (max-width: 270px) 100vw, 270px\" \/><\/p>\n<p><strong>#Blazer<\/strong> :funcional , o blazer garante v\u00e1rias combina\u00e7\u00f5es, tanto com pe\u00e7as mais femininas, como vestidos, quebrando o ar rom\u00e2ntico quanto dando um ar mais fashion ao combo cal\u00e7a jeans e camiseta!<\/p>\n<p><img loading=\"lazy\" decoding=\"async\" class=\" size-full wp-image-92018\" src=\"http:\/\/diarioregionaljf.com.br\/wp-content\/uploads\/2018\/02\/diario-int-24225-5.jpg\" alt=\"bem b\u00e1sica cal\u00e7a jeans.jpg\" style=\"display: block; margin-left: auto; margin-right: auto;\" width=\"355\" height=\"450\" srcset=\"https:\/\/diarioregionaldigital.com.br\/wp-content\/uploads\/2018\/02\/diario-int-24225-5.jpg 355w, https:\/\/diarioregionaldigital.com.br\/wp-content\/uploads\/2018\/02\/diario-int-24225-5-237x300.jpg 237w\" sizes=\"auto, (max-width: 355px) 100vw, 355px\" \/><\/p>\n<p><strong>#Jeans:<\/strong> ele n\u00e3o sai de moda nunca, a pe\u00e7a mais democr\u00e1tica do guarda roupa, pode ser a jaqueta, a cal\u00e7a ou o short, ele est\u00e1 sempre presente e \u00e9 capaz de garantir looks super vers\u00e1teis! Invista tanto nos modelos mais retos com lavagem discreta quantos nos rasgados que j\u00e1 viraram um cl\u00e1ssico!<\/p>\n<p><img loading=\"lazy\" decoding=\"async\" class=\" size-full wp-image-92019\" src=\"http:\/\/diarioregionaljf.com.br\/wp-content\/uploads\/2018\/02\/diario-int-24225-6.jpg\" alt=\"cal\u00e7a esportiva.jpg\" style=\"display: block; margin-left: auto; margin-right: auto;\" width=\"274\" height=\"450\" srcset=\"https:\/\/diarioregionaldigital.com.br\/wp-content\/uploads\/2018\/02\/diario-int-24225-6.jpg 274w, https:\/\/diarioregionaldigital.com.br\/wp-content\/uploads\/2018\/02\/diario-int-24225-6-183x300.jpg 183w\" sizes=\"auto, (max-width: 274px) 100vw, 274px\" \/><\/p>\n<p><strong>#Cal\u00e7a esportiva <\/strong>\u2013 os modelos jogging e track est\u00e3o super em alta, e se engana quem acha que devem ser usados apenas com t\u00eanis, as cal\u00e7as al\u00e9m de mega confort\u00e1veis ficam muito estilosas se combinadas a um salto alto!<\/p>\n<hr \/>\n<h4>RABO DE CAVALO<\/h4>\n<p><img loading=\"lazy\" decoding=\"async\" class=\" size-full wp-image-92020\" src=\"http:\/\/diarioregionaljf.com.br\/wp-content\/uploads\/2018\/02\/diario-int-24225-7.jpg\" alt=\"rabo de cavalo.jpg\" style=\"display: block; margin-left: auto; margin-right: auto;\" width=\"625\" height=\"450\" srcset=\"https:\/\/diarioregionaldigital.com.br\/wp-content\/uploads\/2018\/02\/diario-int-24225-7.jpg 625w, https:\/\/diarioregionaldigital.com.br\/wp-content\/uploads\/2018\/02\/diario-int-24225-7-300x216.jpg 300w, https:\/\/diarioregionaldigital.com.br\/wp-content\/uploads\/2018\/02\/diario-int-24225-7-360x259.jpg 360w\" sizes=\"auto, (max-width: 625px) 100vw, 625px\" \/><\/p>\n<p>Simples, chique e vers\u00e1til, o rabo de cavalo \u00e9 um \u00f3timo truque de styling. Sempre tend\u00eancia \u00e9 um penteado despretensioso que pode levantar sua produ\u00e7\u00e3o. Invista em vers\u00f5es mais abusadas, bem alto, ou mais cl\u00e1ssica, com rabo baixo e capriche no make pois o rosto fica muito em evid\u00eancia.<\/p>\n<h4 style=\"text-align: center;\">PULSO FIRME<\/h4>\n<p style=\"text-align: justify;\"><img loading=\"lazy\" decoding=\"async\" class=\" size-full wp-image-92021\" src=\"http:\/\/diarioregionaljf.com.br\/wp-content\/uploads\/2018\/02\/diario-int-24225-8.jpg\" alt=\"pulso cheio.jpg\" style=\"display: block; margin-left: auto; margin-right: auto;\" width=\"450\" height=\"450\" srcset=\"https:\/\/diarioregionaldigital.com.br\/wp-content\/uploads\/2018\/02\/diario-int-24225-8.jpg 450w, https:\/\/diarioregionaldigital.com.br\/wp-content\/uploads\/2018\/02\/diario-int-24225-8-150x150.jpg 150w, https:\/\/diarioregionaldigital.com.br\/wp-content\/uploads\/2018\/02\/diario-int-24225-8-300x300.jpg 300w, https:\/\/diarioregionaldigital.com.br\/wp-content\/uploads\/2018\/02\/diario-int-24225-8-180x180.jpg 180w, https:\/\/diarioregionaldigital.com.br\/wp-content\/uploads\/2018\/02\/diario-int-24225-8-120x120.jpg 120w, https:\/\/diarioregionaldigital.com.br\/wp-content\/uploads\/2018\/02\/diario-int-24225-8-360x360.jpg 360w, https:\/\/diarioregionaldigital.com.br\/wp-content\/uploads\/2018\/02\/diario-int-24225-8-80x80.jpg 80w\" sizes=\"auto, (max-width: 450px) 100vw, 450px\" \/><\/p>\n<p>Os pulsos continuam em evid\u00eancia, o mix de pulseiras&nbsp;e os braceletes ultra elaborados n\u00e3o perderam espa\u00e7o&nbsp;no cen\u00e1rio fashion. O que vale \u00e9 a criatividade para&nbsp;misturar e ousar nas combina\u00e7\u00f5es cheias de bossa. Enfeitar<br \/>os dois pulsos com braceletes iguais ou coordenados&nbsp;fica lindo!<\/p>\n<hr \/>\n<h4 style=\"text-align: center;\">&nbsp;CORES DA ESTA\u00c7\u00c3O<\/h4>\n<p><img loading=\"lazy\" decoding=\"async\" class=\" size-full wp-image-92022\" src=\"http:\/\/diarioregionaljf.com.br\/wp-content\/uploads\/2018\/02\/diario-int-24225-9.jpg\" alt=\"verde esmeralda.jpg\" style=\"display: block; margin-left: auto; margin-right: auto;\" width=\"528\" height=\"450\" srcset=\"https:\/\/diarioregionaldigital.com.br\/wp-content\/uploads\/2018\/02\/diario-int-24225-9.jpg 528w, https:\/\/diarioregionaldigital.com.br\/wp-content\/uploads\/2018\/02\/diario-int-24225-9-300x256.jpg 300w, https:\/\/diarioregionaldigital.com.br\/wp-content\/uploads\/2018\/02\/diario-int-24225-9-360x307.jpg 360w\" sizes=\"auto, (max-width: 528px) 100vw, 528px\" \/><\/p>\n<p>O verde esmeralda vem tingindo os acess\u00f3rios da esta\u00e7\u00e3o e j\u00e1 ganha espa\u00e7o nas pr\u00f3ximas cole\u00e7\u00f5es de outono inverno. Fique de olho e j\u00e1 invista em pe\u00e7as na cor da esperan\u00e7a!<\/p>\n<hr \/>\n<h4 style=\"text-align: center;\">&nbsp;FEIRA LIVRE<\/h4>\n<p><img loading=\"lazy\" decoding=\"async\" class=\" size-full wp-image-92023\" src=\"http:\/\/diarioregionaljf.com.br\/wp-content\/uploads\/2018\/02\/diario-int-24225-10.jpg\" alt=\"feira livre.jpg\" style=\"display: block; margin-left: auto; margin-right: auto;\" width=\"600\" height=\"450\" srcset=\"https:\/\/diarioregionaldigital.com.br\/wp-content\/uploads\/2018\/02\/diario-int-24225-10.jpg 600w, https:\/\/diarioregionaldigital.com.br\/wp-content\/uploads\/2018\/02\/diario-int-24225-10-300x225.jpg 300w, https:\/\/diarioregionaldigital.com.br\/wp-content\/uploads\/2018\/02\/diario-int-24225-10-360x270.jpg 360w\" sizes=\"auto, (max-width: 600px) 100vw, 600px\" \/><\/p>\n<p>&nbsp;\u00c9 temporada dos prints e formas de frutas na moda! Acess\u00f3rios e looks enfeitados pelos irreverentes abacaxis, cajus e bananas garantem uma salada mista de estilo!<\/p>\n<hr \/>\n<h3 style=\"text-align: center;\">&nbsp;P\u00cdLULAS DE ESTILO<\/h3>\n<p style=\"text-align: center;\">\u201cVista-se mal e notar\u00e3o o vestido. Vista-se bem e<br \/>notar\u00e3o a mulher.\u201d Coco Chanel<\/p>\n<p style=\"text-align: center;\">\u201cNada comunica luxo como as p\u00e9rolas\u201d<br \/>Diana Vreeland<\/p>\n<p style=\"text-align: center;\">\u201cA eleg\u00e2ncia e o estilo n\u00e3o tem nada a ver com<br \/>dinheiro\u201d<br \/>Carolina Herrera<\/p>\n<p style=\"text-align: center;\">\u201cO estilo \u00e9 uma maneira muito simples de dizer<br \/>coisas complicadas\u201d<br \/>Balenciaga<\/p>\n<hr \/>\n<h4 style=\"text-align: justify;\">&nbsp;CLICK IN MODA<\/h4>\n<p><img loading=\"lazy\" decoding=\"async\" class=\" size-full wp-image-92024\" src=\"http:\/\/diarioregionaljf.com.br\/wp-content\/uploads\/2018\/02\/diario-int-24225-11.JPG\" alt=\"clikimmoda.JPG\" width=\"338\" height=\"450\" srcset=\"https:\/\/diarioregionaldigital.com.br\/wp-content\/uploads\/2018\/02\/diario-int-24225-11.JPG 338w, https:\/\/diarioregionaldigital.com.br\/wp-content\/uploads\/2018\/02\/diario-int-24225-11-225x300.jpg 225w\" sizes=\"auto, (max-width: 338px) 100vw, 338px\" \/><\/p>\n<p>No \u00faltimo click de carnaval, o tiro dourado de Isaac Freitas<br \/>para Isabella Og, lind\u00edssima numa produ\u00e7\u00e3o de Cris\u00e1lida<br \/>Couture.<\/p>\n","protected":false},"excerpt":{"rendered":"<p>Os len\u00e7os est\u00e3o sempre fazendo a cabe\u00e7a das fashionistas. Acess\u00f3rio poderoso, \u00e9 um grande aliado para diversificar os looks .Usados como turbantes deixam os looks b\u00e1sicos muito mais interessantes. Podem arrematar coques, rabos de cavalo ou fazer \u00e0s vezes de tiara. Tamb\u00e9m podem enfeitar pulsos, tornozelos e do jeito mais cl\u00e1ssico, arrematando o pesco\u00e7o! Fazem [&hellip;]<\/p>\n","protected":false},"author":96,"featured_media":92013,"comment_status":"closed","ping_status":"closed","sticky":false,"template":"","format":"standard","meta":{"footnotes":""},"categories":[285],"tags":[],"class_list":["post-92025","post","type-post","status-publish","format-standard","has-post-thumbnail","hentry","category-moda-ana-paula-calixto"],"_links":{"self":[{"href":"https:\/\/diarioregionaldigital.com.br\/index.php?rest_route=\/wp\/v2\/posts\/92025","targetHints":{"allow":["GET"]}}],"collection":[{"href":"https:\/\/diarioregionaldigital.com.br\/index.php?rest_route=\/wp\/v2\/posts"}],"about":[{"href":"https:\/\/diarioregionaldigital.com.br\/index.php?rest_route=\/wp\/v2\/types\/post"}],"author":[{"embeddable":true,"href":"https:\/\/diarioregionaldigital.com.br\/index.php?rest_route=\/wp\/v2\/users\/96"}],"replies":[{"embeddable":true,"href":"https:\/\/diarioregionaldigital.com.br\/index.php?rest_route=%2Fwp%2Fv2%2Fcomments&post=92025"}],"version-history":[{"count":0,"href":"https:\/\/diarioregionaldigital.com.br\/index.php?rest_route=\/wp\/v2\/posts\/92025\/revisions"}],"wp:featuredmedia":[{"embeddable":true,"href":"https:\/\/diarioregionaldigital.com.br\/index.php?rest_route=\/wp\/v2\/media\/92013"}],"wp:attachment":[{"href":"https:\/\/diarioregionaldigital.com.br\/index.php?rest_route=%2Fwp%2Fv2%2Fmedia&parent=92025"}],"wp:term":[{"taxonomy":"category","embeddable":true,"href":"https:\/\/diarioregionaldigital.com.br\/index.php?rest_route=%2Fwp%2Fv2%2Fcategories&post=92025"},{"taxonomy":"post_tag","embeddable":true,"href":"https:\/\/diarioregionaldigital.com.br\/index.php?rest_route=%2Fwp%2Fv2%2Ftags&post=92025"}],"curies":[{"name":"wp","href":"https:\/\/api.w.org\/{rel}","templated":true}]}}