{"id":92012,"date":"2018-02-16T22:52:34","date_gmt":"2018-02-17T00:52:34","guid":{"rendered":"http:\/\/diarioregionaljf.com.br\/2018\/02\/16\/terco-dos-homens-no-ano-do-laicato\/"},"modified":"2018-04-16T08:05:40","modified_gmt":"2018-04-16T11:05:40","slug":"terco-dos-homens-no-ano-do-laicato","status":"publish","type":"post","link":"https:\/\/diarioregionaldigital.com.br\/?p=92012","title":{"rendered":"TER\u00c7O DOS HOMENS NO ANO DO LAICATO"},"content":{"rendered":"<p>A Igreja presente no Brasil celebra, atualmente, o Ano dos Leigos. Teve in\u00edcio na Solenidade de Cristo Rei do Universo de 2017 e ter\u00e1 t\u00e9rmino em igual data no corrente ano de 2018. Tal ano tem\u00e1tico diz respeito, muito de perto, aos grupos de Ter\u00e7o dos Homens, j\u00e1 conhecido, espalhado e admirado no Pa\u00eds inteiro. \u00c9, de fato, uma das movimenta\u00e7\u00f5es eclesiais iminentemente leigas, porquanto nasce, n\u00e3o por programa\u00e7\u00e3o do clero, mas da base, reunindo hoje milhares de adeptos, de norte ao sul, de leste a oeste. S\u00e3o homens de idades variadas, adultos, jovens, crian\u00e7as e idosos e das mais variadas classes sociais, como assalariados, profissionais liberais, funcion\u00e1rios p\u00fablicos, m\u00e9dicos, ju\u00edzes, professores, lavradores e outros. Muitos padres e bispos rezam o Ter\u00e7o com estes grupos semanalmente, mas n\u00e3o s\u00e3o os dirigentes e nem coordenadores, cabendo estas fun\u00e7\u00f5es, de forma muito tranquila, aos leigos.<\/p>\n<p>A ora\u00e7\u00e3o do Ter\u00e7o de Nossa Senhora, praticada historicamente pelos fi\u00e9is cat\u00f3licos em todo o mundo, sejam homens, mulheres, ministros ordenados ou religiosos consagrados, \u00e9 uma excelente forma de medita\u00e7\u00e3o sobre os passos da vida de Jesus. Eis a raz\u00e3o pela qual o Papa S\u00e3o Jo\u00e3o Paulo II ensinou que o Ter\u00e7o \u00e9 uma ora\u00e7\u00e3o contemplativa. A sua Exorta\u00e7\u00e3o Apost\u00f3lica \u201cRosariumVirginisMariae\u201d, publicada a 16 de outubro de 2002, despertou em toda a Igreja um renovado interesse pela antiqu\u00edssima devo\u00e7\u00e3o do Ros\u00e1rio e seus efeitos continuam se propagando de forma encantadora por todo o orbe. \u00c9 uma forma de contemplar Jesus com os olhos de Maria, tendo sido ela a criatura que mais perto esteve do Filho de Deus encarnado, durante toda a trajet\u00f3ria da Salva\u00e7\u00e3o. Nenhuma outra pessoa na terra esteve t\u00e3o unida a Cristo quanto Maria. Desde a sua concep\u00e7\u00e3o at\u00e9 a morte na cruz, e ainda na ressurrei\u00e7\u00e3o e ap\u00f3s a ascens\u00e3o, Maria est\u00e1 sempre presente e unida ao mist\u00e9rio de seu Filho, Jesus Deus e Homem verdadeiros.<\/p>\n<p>As iniciativas para forma\u00e7\u00e3o de grupos da mencionada ora\u00e7\u00e3o s\u00e3o diversas, surgindo comunidades de homens aqui e acol\u00e1, que tomam a decis\u00e3o de se reunirem para rezar o Ter\u00e7o, quase sempre uma vez por semana comunitariamente, mas \u00e0s vezes diariamente em fam\u00edlia ou ainda solitariamente.<\/p>\n<p>A origem deste costume, de homens se reunirem para rezar o Ter\u00e7o, contudo, se perde na hist\u00f3ria. H\u00e1 not\u00edcias de tais grupos ao menos desde 1912. Por\u00e9m, no Brasil, a iniciativa mais recente surgiu entre adeptos do Movimento \u201cMaria Tr\u00eas Vezes Admir\u00e1vel de Sh\u00f6nstatt\u201d, tamb\u00e9m conhecido como \u201cM\u00e3e Rainha\u201d, presentes, sobretudo no Norte e no Nordeste. Com o crescimento dos grupos, seja da experi\u00eancia acima mencionada, seja de muitas outras iniciativas independentes do Movimento da M\u00e3e Rainha, pessoalmente me interessei em apoiar todos os grupos, certo que estou do grande valor evangelizador, mission\u00e1rio e santificador de tal devo\u00e7\u00e3o.<\/p>\n<p>A partir de 2008, surgiram as romarias do Ter\u00e7o dos Homens ao Santu\u00e1rio de Aparecida o que deu um extraordin\u00e1rio impulso ao movimento, nascendo da\u00ed muitas outras iniciativas pelo Brasil a fora. Em 2009, fui nomeado pela CNBB, pelo ent\u00e3o Presidente Dom Geraldo Lyrio Rocha, para Bispo Referencial do Ter\u00e7o dos Homens em todo o Brasil, servi\u00e7o que venho prestando com muito gosto e disposi\u00e7\u00e3o. Desde aquela ocasi\u00e3o, tenho procurado me esfor\u00e7ar para que a ora\u00e7\u00e3o do Ter\u00e7o seja momento de contempla\u00e7\u00e3o dos Mist\u00e9rios de Cristo, associado ao louvor e \u00e0 s\u00faplica a Maria, e ainda oportunidade de maior engajamento dos homens do Ter\u00e7o na vida lit\u00fargica e pastoral de suas par\u00f3quias ou comunidades.<\/p>\n<p>Al\u00e9m disso, vi nascer algo maravilhoso que veio de forma espont\u00e2nea, que foi o interesse de muitos grupos no sentido de voltarem suas aten\u00e7\u00f5es para os pobres, realizando verdadeira obra social, caritativa e promocional, o que tem aliviado o padecimento de muitos irm\u00e3os empobrecidos e sofredores, vencendo, como podem, as situa\u00e7\u00f5es de exclus\u00e3o social. S\u00e3o leigos que v\u00e3o assumindo sua condi\u00e7\u00e3o de igreja solid\u00e1ria no dia a dia.<\/p>\n<p>O Ter\u00e7o dos Homens tem se revelado tamb\u00e9m como for\u00e7a de transforma\u00e7\u00e3o e de verdadeiras convers\u00f5es. Leigos antes em descaminhos ou frios na f\u00e9, ao frequentar um grupo de Ter\u00e7o, t\u00eam mudado de vida e muitos t\u00eam se libertado de situa\u00e7\u00f5es degradantes pr\u00f3prias de quem vive longe de Deus.<\/p>\n<p>Dias 16 e 17 de fevereiro de 2018, neste Ano do Laicato, aconteceu a 10\u00aa Romaria Nacional do Ter\u00e7o dos Homens a Aparecida, data festiva que reuniu cerca de cem mil homens no Santu\u00e1rio Nacional. No ano de 2017, as cifras ultrapassaram a setenta mil.<\/p>\n<p>N\u00e3o h\u00e1, no Brasil, atualmente, nenhum movimento e nem qualquer estrutura de Igreja que re\u00fana tantos leigos em um mesmo lugar como o Ter\u00e7o dos Homens.<\/p>\n<p>As origens, as modalidades dos grupos s\u00e3o diferentes, mas todos est\u00e3o unidos num mesmo objetivo: rezar o Ter\u00e7o de Nossa Senhora, contemplando os Mist\u00e9rios de Cristo.<\/p>\n<p>Louvores sejam dados a Deus e a Nossa Senhora por esta surpresa animadora suscitada pelo Esp\u00edrito Santo no Brasil e que vem se espalhando de forma t\u00e3o encantadora e ben\u00e9fica! Salve Maria, Salve Rainha!<\/p>\n","protected":false},"excerpt":{"rendered":"<p>A Igreja presente no Brasil celebra, atualmente, o Ano dos Leigos. Teve in\u00edcio na Solenidade de Cristo Rei do Universo de 2017 e ter\u00e1 t\u00e9rmino em igual data no corrente ano de 2018. Tal ano tem\u00e1tico diz respeito, muito de perto, aos grupos de Ter\u00e7o dos Homens, j\u00e1 conhecido, espalhado e admirado no Pa\u00eds inteiro. [&hellip;]<\/p>\n","protected":false},"author":96,"featured_media":92011,"comment_status":"closed","ping_status":"closed","sticky":false,"template":"","format":"standard","meta":{"footnotes":""},"categories":[276],"tags":[],"class_list":["post-92012","post","type-post","status-publish","format-standard","has-post-thumbnail","hentry","category-dom-gil"],"_links":{"self":[{"href":"https:\/\/diarioregionaldigital.com.br\/index.php?rest_route=\/wp\/v2\/posts\/92012","targetHints":{"allow":["GET"]}}],"collection":[{"href":"https:\/\/diarioregionaldigital.com.br\/index.php?rest_route=\/wp\/v2\/posts"}],"about":[{"href":"https:\/\/diarioregionaldigital.com.br\/index.php?rest_route=\/wp\/v2\/types\/post"}],"author":[{"embeddable":true,"href":"https:\/\/diarioregionaldigital.com.br\/index.php?rest_route=\/wp\/v2\/users\/96"}],"replies":[{"embeddable":true,"href":"https:\/\/diarioregionaldigital.com.br\/index.php?rest_route=%2Fwp%2Fv2%2Fcomments&post=92012"}],"version-history":[{"count":0,"href":"https:\/\/diarioregionaldigital.com.br\/index.php?rest_route=\/wp\/v2\/posts\/92012\/revisions"}],"wp:featuredmedia":[{"embeddable":true,"href":"https:\/\/diarioregionaldigital.com.br\/index.php?rest_route=\/wp\/v2\/media\/92011"}],"wp:attachment":[{"href":"https:\/\/diarioregionaldigital.com.br\/index.php?rest_route=%2Fwp%2Fv2%2Fmedia&parent=92012"}],"wp:term":[{"taxonomy":"category","embeddable":true,"href":"https:\/\/diarioregionaldigital.com.br\/index.php?rest_route=%2Fwp%2Fv2%2Fcategories&post=92012"},{"taxonomy":"post_tag","embeddable":true,"href":"https:\/\/diarioregionaldigital.com.br\/index.php?rest_route=%2Fwp%2Fv2%2Ftags&post=92012"}],"curies":[{"name":"wp","href":"https:\/\/api.w.org\/{rel}","templated":true}]}}