{"id":92008,"date":"2018-02-16T22:47:35","date_gmt":"2018-02-17T00:47:35","guid":{"rendered":"http:\/\/diarioregionaljf.com.br\/2018\/02\/16\/as-vantagens-e-desvantagens-das-redes-sociais-usem-sem-moderacao-mas-decida-com-muitissima-atencao\/"},"modified":"2018-02-16T22:47:35","modified_gmt":"2018-02-17T00:47:35","slug":"as-vantagens-e-desvantagens-das-redes-sociais-usem-sem-moderacao-mas-decida-com-muitissima-atencao","status":"publish","type":"post","link":"https:\/\/diarioregionaldigital.com.br\/?p=92008","title":{"rendered":"As vantagens e desvantagens das redes Sociais \u2013 Usem sem modera\u00e7\u00e3o, mas decida com muit\u00edssima aten\u00e7\u00e3o"},"content":{"rendered":"<p>Hoje n\u00f3s estamos vivendo na era digital, onde tudo \u00e9 muito r\u00e1pido, din\u00e2mico e muitas informa\u00e7\u00f5es s\u00e3o transmitidas de forma praticamente instant\u00e2nea. Um dos meios de comunica\u00e7\u00e3o mais utilizados na era da comunica\u00e7\u00e3o s\u00e3o as redes sociais. Estas nada mais s\u00e3o do que meios para compartilhar informa\u00e7\u00f5es pessoais e discutir ideias em torno de um mesmo interesse, de uma maneira r\u00e1pida e eficiente. S\u00e3o a atualiza\u00e7\u00e3o das \u00c1goras atenienses ou mesmo, das pra\u00e7as publicas das cidades do s\u00e9culo passado. Mas afinal, quais s\u00e3o as vantagens e as desvantagens das redes sociais?<\/p>\n<p><strong>Vantagens:<\/strong> Sem d\u00favida nenhuma, uma das maiores vantagens das redes sociais \u00e9 a comunica\u00e7\u00e3o instant\u00e2nea que elas oferecem. Por exemplo, com estes servi\u00e7os \u00e9 poss\u00edvel compartilhar conhecimentos, noticias e acontecimentos que ocorrem no outro lado do mundo, sem custo algum e com muito dinamismo. Tamb\u00e9m \u00e9 poss\u00edvel participar de grupos, onde as pessoas possuem o mesmo interesse, para discutir ideias ou at\u00e9 mesmo vender produtos de qualquer natureza<br \/>Sem contar os outros in\u00fameros benef\u00edcios que elas fornecem, como, a comunica\u00e7\u00e3o instant\u00e2nea com qualquer pessoa, fazer novos amigos, entretenimento e at\u00e9 mesmo procurar emprego.<\/p>\n<p><strong>Desvantagens:<\/strong> Uma das maiores desvantagens das redes sociais \u00e9 a possibilidade de seus dados pessoais serem utilizados por criminosos para cometer algum delito, uma vez que nem mesmo a maior rede social do mundo garante total seguran\u00e7a de seus usu\u00e1rios. N\u00e3o podemos nos esquecer que, \u00e0s vezes, n\u00f3s mesmos disponibilizamos nossas informa\u00e7\u00f5es pessoais na rede para qualquer um visualizar.<\/p>\n<p>Outro problema que cerca as redes sociais \u00e9 o excesso de uso. Uma pesquisa revela que para algumas pessoas pode ser mais dif\u00edcil resistir \u00e0s tenta\u00e7\u00f5es do Facebook e do Twitter, do que dizer n\u00e3o ao \u00e1lcool e ao cigarro.<\/p>\n<p>Podemos, tamb\u00e9m, destacar que as informa\u00e7\u00f5es nas redes sociais n\u00e3o t\u00eam nenhum crivo ou filtro que possa dar veracidade as informa\u00e7\u00f5es compartilhadas. A sociedade n\u00e3o pode deixar estes meios de comunica\u00e7\u00e3o ser refer\u00eancia na tomada de decis\u00e3o. As discuss\u00f5es infundadas podem, em m\u00e9dio e longo prazo, formar rela\u00e7\u00f5es de atrito, dificultar a comunica\u00e7\u00e3o e incapacitar pessoas de expressar sentimentos na vida real.<\/p>\n<p>Hoje em dia \u00e9 comum ver noticias que mostram as redes sociais como respons\u00e1veis pela tristeza que, muitas vezes, s\u00e3o confundidas como depress\u00e3o em muitos adolescentes. Estas m\u00eddias sociais se tornam um problema quando elas come\u00e7am a influenciar diretamente a vida dos jovens. Ent\u00e3o, precisam do acompanhamento de um adulto \u2013 pais, respons\u00e1veis ou professor.<\/p>\n<p>Um grande problema de quem passa muito tempo se expondo nas redes sociais \u00e9 o \u201cCyberbullying\u201d, pois qualquer a\u00e7\u00e3o que seja reprovada por outros usu\u00e1rios acaba na maioria das vezes resultando em uma avalanche de coment\u00e1rios ofensivos, que podem acabar influenciando negativamente na vida destas pessoas.<\/p>\n<p>Adolescentes tamb\u00e9m podem ter sua aten\u00e7\u00e3o desviada, pois muitos acessam frequentemente o seu perfil nas redes sociais, gerando jovens com graves dificuldades de concentra\u00e7\u00e3o. O professor de psicologia Barry Rosen realizou uma pesquisa com alunos do ensino m\u00e9dio e descobriu que alguns deles n\u00e3o conseguem ficar mais de 15 minutos sem espiar o Facebook. Ainda segundo Rosen, quanto mais meios de comunica\u00e7\u00e3o consumiam por dia, piores eram as notas dos alunos.<\/p>\n<p>N\u00f3s n\u00e3o podemos deixar estes meios de comunica\u00e7\u00e3o se tornem algo pernicioso ou negativo. Podemos possibilitar em longo prazo a forma\u00e7\u00e3o de uma popula\u00e7\u00e3o com dificuldades de comunica\u00e7\u00e3o e pessoas incapazes de expressar seus sentimentos na vida real.<\/p>\n<p>Ent\u00e3o, sugiro o seguinte: Usem sem modera\u00e7\u00e3o como veiculo de entretenimento desde que n\u00e3o atrapalhem suas atividades cotidianas, mas que estejam atentas a sua rea\u00e7\u00e3o ou interpreta\u00e7\u00e3o. \u00c9 importante que busquem cada vez mais informa\u00e7\u00f5es sobre tudo que nos rodeie dentro ou fora de uma rede Social.<\/p>\n","protected":false},"excerpt":{"rendered":"<p>Hoje n\u00f3s estamos vivendo na era digital, onde tudo \u00e9 muito r\u00e1pido, din\u00e2mico e muitas informa\u00e7\u00f5es s\u00e3o transmitidas de forma praticamente instant\u00e2nea. Um dos meios de comunica\u00e7\u00e3o mais utilizados na era da comunica\u00e7\u00e3o s\u00e3o as redes sociais. Estas nada mais s\u00e3o do que meios para compartilhar informa\u00e7\u00f5es pessoais e discutir ideias em torno de um [&hellip;]<\/p>\n","protected":false},"author":96,"featured_media":92007,"comment_status":"closed","ping_status":"closed","sticky":false,"template":"","format":"standard","meta":{"footnotes":""},"categories":[291],"tags":[],"class_list":["post-92008","post","type-post","status-publish","format-standard","has-post-thumbnail","hentry","category-versoes-artigos-de-opiniao"],"_links":{"self":[{"href":"https:\/\/diarioregionaldigital.com.br\/index.php?rest_route=\/wp\/v2\/posts\/92008","targetHints":{"allow":["GET"]}}],"collection":[{"href":"https:\/\/diarioregionaldigital.com.br\/index.php?rest_route=\/wp\/v2\/posts"}],"about":[{"href":"https:\/\/diarioregionaldigital.com.br\/index.php?rest_route=\/wp\/v2\/types\/post"}],"author":[{"embeddable":true,"href":"https:\/\/diarioregionaldigital.com.br\/index.php?rest_route=\/wp\/v2\/users\/96"}],"replies":[{"embeddable":true,"href":"https:\/\/diarioregionaldigital.com.br\/index.php?rest_route=%2Fwp%2Fv2%2Fcomments&post=92008"}],"version-history":[{"count":0,"href":"https:\/\/diarioregionaldigital.com.br\/index.php?rest_route=\/wp\/v2\/posts\/92008\/revisions"}],"wp:featuredmedia":[{"embeddable":true,"href":"https:\/\/diarioregionaldigital.com.br\/index.php?rest_route=\/wp\/v2\/media\/92007"}],"wp:attachment":[{"href":"https:\/\/diarioregionaldigital.com.br\/index.php?rest_route=%2Fwp%2Fv2%2Fmedia&parent=92008"}],"wp:term":[{"taxonomy":"category","embeddable":true,"href":"https:\/\/diarioregionaldigital.com.br\/index.php?rest_route=%2Fwp%2Fv2%2Fcategories&post=92008"},{"taxonomy":"post_tag","embeddable":true,"href":"https:\/\/diarioregionaldigital.com.br\/index.php?rest_route=%2Fwp%2Fv2%2Ftags&post=92008"}],"curies":[{"name":"wp","href":"https:\/\/api.w.org\/{rel}","templated":true}]}}