{"id":92006,"date":"2018-02-16T22:45:46","date_gmt":"2018-02-17T00:45:46","guid":{"rendered":"http:\/\/diarioregionaljf.com.br\/2018\/02\/16\/crea-minas-bate-recorde-de-fiscalizacao-em-2017\/"},"modified":"2018-02-16T22:45:46","modified_gmt":"2018-02-17T00:45:46","slug":"crea-minas-bate-recorde-de-fiscalizacao-em-2017","status":"publish","type":"post","link":"https:\/\/diarioregionaldigital.com.br\/?p=92006","title":{"rendered":"Crea-Minas bate recorde de fiscaliza\u00e7\u00e3o em 2017"},"content":{"rendered":"<p>O Conselho Regional de Engenharia e Agronomia de Minas Gerais (Crea-Minas) bateu o recorde pelo segundo ano consecutivo no total de inspe\u00e7\u00f5es realizadas no estado. Em 2017, a autarquia contabilizou 155.669 a\u00e7\u00f5es, um aumento de 27,6% em rela\u00e7\u00e3o ao ano anterior que j\u00e1 havia atingido a marca hist\u00f3rica de 121.952 fiscaliza\u00e7\u00f5es.<\/p>\n<p>A Regional sudeste do Crea-Minas, que compreende os munic\u00edpio de Juiz de Fora, Barbacena, Cataguases, Muria\u00e9, Ponte Nova, S\u00e3o Jo\u00e3o Del Rei, Ub\u00e1 e Vi\u00e7osa, registrou 18. 134 a\u00e7\u00f5es de fiscaliza\u00e7\u00e3o. Deste n\u00famero, 2.692 foram realizadas em Juiz de Fora, superando em 93,9% o total das inspe\u00e7\u00f5es ocorridas em 2016. Confira os n\u00fameros da cidade:<\/p>\n<table>\n<tbody>\n<tr>\n<td colspan=\"3\" style=\"width: 576px; text-align: center;\">\n<p><strong>Fiscaliza\u00e7\u00e3o \u2013 Juiz de Fora<\/strong><\/p>\n<\/td>\n<\/tr>\n<tr>\n<td style=\"width: 192px; text-align: center;\">\n<p><strong>2015<\/strong><\/p>\n<\/td>\n<td style=\"width: 192px; text-align: center;\">\n<p><strong>2016<\/strong><\/p>\n<\/td>\n<td style=\"width: 192px; text-align: center;\">\n<p><strong>2017<\/strong><\/p>\n<\/td>\n<\/tr>\n<tr>\n<td style=\"width: 192px; text-align: center;\">\n<p><strong>757<\/strong><\/p>\n<\/td>\n<td style=\"width: 192px; text-align: center;\">\n<p><strong>1.388<\/strong><\/p>\n<\/td>\n<td style=\"width: 192px; text-align: center;\">\n<p><strong>2.692<\/strong><\/p>\n<\/td>\n<\/tr>\n<\/tbody>\n<\/table>\n<p>&nbsp;<\/p>\n<p>\u201cAs principais irregularidades registradas s\u00e3o de empreendimentos que possuem um respons\u00e1vel t\u00e9cnico, por\u00e9m ele n\u00e3o registrou a anota\u00e7\u00e3o de responsabilidade t\u00e9cnica ou \u00e0s vezes registrou, mas estava incompleta. A terceira causa \u00e9 de empresas ou profissionais formados, mas n\u00e3o s\u00e3o registrados no Conselho\u201d, esclareceu Guilherme Rodrigues, gerente de Fiscaliza\u00e7\u00e3o da autarquia. \u201cElas s\u00e3o f\u00e1ceis de resolver. Basta acessar o site do Crea e se regularizar\u201d, acrescentou.<\/p>\n<p>Outro fator positivo, lembrado por Rodrigues, \u00e9 o baixo \u00edndice de emiss\u00e3o de multas. \u201cApesar do aumento das a\u00e7\u00f5es de fiscaliza\u00e7\u00e3o, mantivemos o nosso baixo \u00edndice de emiss\u00e3o de autos de infra\u00e7\u00e3o. Em 2016, esse \u00edndice foi de 2.1% entre as quase 122 mil inspe\u00e7\u00f5es e no ano passado foi de 2.2% dentre as 155 mil fiscaliza\u00e7\u00f5es. Nosso objetivo n\u00e3o \u00e9 penalizar os empreendedores ou profissionais, mas sim, que eles se conscientizem de que \u00e9 fundamental estar regularizado\u201d, enfatizou.<\/p>\n<p>Para 2018, a expectativa do gerente de Fiscaliza\u00e7\u00e3o do Crea \u00e9 manter o aumento das a\u00e7\u00f5es de fiscaliza\u00e7\u00f5es o \u00edndice baixo de multas. \u201cAl\u00e9m disso, a gente busca incessantemente o aprimoramento dos processos, a redu\u00e7\u00e3o da burocratiza\u00e7\u00e3o, aplica\u00e7\u00e3o de novas metodologias de fiscaliza\u00e7\u00e3o e empregar novas tecnologias em nossas a\u00e7\u00f5es\u201d, afirmou.<\/p>\n<p>Rodrigues destacou a import\u00e2ncia das den\u00fancias feitas pela sociedade. \u201cN\u00f3s valorizamos muito a participa\u00e7\u00e3o da popula\u00e7\u00e3o, pois se alguma obra est\u00e1 gerando algum receio e \u00e9 denunciada, geralmente \u00e9 quando encontramos alguma irregularidade. A den\u00fancia pode ser feita pessoalmente na inspetoria do Crea ou atrav\u00e9s do site, telefone e e-mail\u201d, alertou.<br \/>Em caso de den\u00fancia, ligue (31) 3299-8816, envie um e-mail para fiscaliza@crea-mg.orb.br ou acesse http:\/\/www.crea-mg.org.br. A inspetoria em Juiz de Fora est\u00e1 localizada na Rua Halfeld, n\u00ba 414, salas 306 a 310, Centro.<\/p>\n","protected":false},"excerpt":{"rendered":"<p>O Conselho Regional de Engenharia e Agronomia de Minas Gerais (Crea-Minas) bateu o recorde pelo segundo ano consecutivo no total de inspe\u00e7\u00f5es realizadas no estado. Em 2017, a autarquia contabilizou 155.669 a\u00e7\u00f5es, um aumento de 27,6% em rela\u00e7\u00e3o ao ano anterior que j\u00e1 havia atingido a marca hist\u00f3rica de 121.952 fiscaliza\u00e7\u00f5es. A Regional sudeste do [&hellip;]<\/p>\n","protected":false},"author":96,"featured_media":92005,"comment_status":"closed","ping_status":"closed","sticky":false,"template":"","format":"standard","meta":{"footnotes":""},"categories":[253],"tags":[],"class_list":["post-92006","post","type-post","status-publish","format-standard","has-post-thumbnail","hentry","category-cidade"],"_links":{"self":[{"href":"https:\/\/diarioregionaldigital.com.br\/index.php?rest_route=\/wp\/v2\/posts\/92006","targetHints":{"allow":["GET"]}}],"collection":[{"href":"https:\/\/diarioregionaldigital.com.br\/index.php?rest_route=\/wp\/v2\/posts"}],"about":[{"href":"https:\/\/diarioregionaldigital.com.br\/index.php?rest_route=\/wp\/v2\/types\/post"}],"author":[{"embeddable":true,"href":"https:\/\/diarioregionaldigital.com.br\/index.php?rest_route=\/wp\/v2\/users\/96"}],"replies":[{"embeddable":true,"href":"https:\/\/diarioregionaldigital.com.br\/index.php?rest_route=%2Fwp%2Fv2%2Fcomments&post=92006"}],"version-history":[{"count":0,"href":"https:\/\/diarioregionaldigital.com.br\/index.php?rest_route=\/wp\/v2\/posts\/92006\/revisions"}],"wp:featuredmedia":[{"embeddable":true,"href":"https:\/\/diarioregionaldigital.com.br\/index.php?rest_route=\/wp\/v2\/media\/92005"}],"wp:attachment":[{"href":"https:\/\/diarioregionaldigital.com.br\/index.php?rest_route=%2Fwp%2Fv2%2Fmedia&parent=92006"}],"wp:term":[{"taxonomy":"category","embeddable":true,"href":"https:\/\/diarioregionaldigital.com.br\/index.php?rest_route=%2Fwp%2Fv2%2Fcategories&post=92006"},{"taxonomy":"post_tag","embeddable":true,"href":"https:\/\/diarioregionaldigital.com.br\/index.php?rest_route=%2Fwp%2Fv2%2Ftags&post=92006"}],"curies":[{"name":"wp","href":"https:\/\/api.w.org\/{rel}","templated":true}]}}