{"id":92004,"date":"2018-02-16T22:39:51","date_gmt":"2018-02-17T00:39:51","guid":{"rendered":"http:\/\/diarioregionaljf.com.br\/2018\/02\/16\/a-primeira-impressao-e-a-que-fica\/"},"modified":"2018-04-16T08:10:37","modified_gmt":"2018-04-16T11:10:37","slug":"a-primeira-impressao-e-a-que-fica","status":"publish","type":"post","link":"https:\/\/diarioregionaldigital.com.br\/?p=92004","title":{"rendered":"A primeira impress\u00e3o \u00e9 a que fica"},"content":{"rendered":"<p>Na vida profissional, uma boa imagem pessoal \u00e9 capaz de abrir portas, de ajudar a estabelecer confian\u00e7a e de transmitir credibilidade. Contudo, construir uma imagem positiva requer aten\u00e7\u00e3o e conhecimento, especialmente sobre est\u00e9tica, etiqueta, \u00e9tica e relacionamento interpessoal.<\/p>\n<p>Observe, no dia-a-dia, o modo como as pessoas que transmitem uma boa imagem pessoal se vestem, se cumprimentam e conversam. Essas pessoas devem ser um espelho para voc\u00ea.<\/p>\n<p>Manter uma imagem pessoal positiva faz bem para a sua vida pessoal e profissional, mas essa imagem tem de ser aut\u00eantica e coerente. Se a \u201cembalagem\u201d (apar\u00eancia) n\u00e3o corresponder ao \u201cconte\u00fado\u201d (ser), todo o seu esfor\u00e7o cair\u00e1 por terra. A correspond\u00eancia entre \u201cconte\u00fado\u201d e \u201cembalagem\u201d \u00e9 crucial quando se trata de credibilidade e credenciais. H\u00e1 pessoas que aparentam possuir um vasto conhecimento sobre uma enorme gama de assuntos e, quando precisam falar de algum deles, o fazem com a profundidade de um pires. Isso abala a credibilidade delas. E credibilidade \u00e9 assim: uma vez arranhada, leva tempo para ser restaurada.<\/p>\n<p>As pessoas precisam ter uma percep\u00e7\u00e3o equilibrada a seu respeito. \u00c9 certo que nem todos o enxergar\u00e3o da mesma forma, mas \u00e9 preciso evitar antipatias. Bom, mesmo, \u00e9 que todos possam v\u00ea-lo como uma pessoa confi\u00e1vel, competente, \u00e9tica e transparente. Assim, voc\u00ea ser\u00e1 sempre bem recebido!<\/p>\n<h4>&nbsp;<\/h4>\n<h4>DICAS PARA A CONSTRU\u00c7\u00c3O DE UMA BOA IMAGEM PESSOAL<\/h4>\n<p>Identifique se a imagem que voc\u00ea transmite \u00e9 positiva ou negativa e avalie sua participa\u00e7\u00e3o em grupos e a facilidade com que se relaciona com desconhecidos para saber se a sua imagem est\u00e1 agradando ou n\u00e3o.<\/p>\n<p>Seja cordial, educado e agrad\u00e1vel; cumprimente a todos, independentemente de seu n\u00edvel hier\u00e1rquico; tenha sempre um sorriso no rosto e as palavras \u201cobrigado\u201d e \u201cpor favor\u201d na ponta-da-l\u00edngua.<\/p>\n<p>Fique atento \u00e0 sua comunica\u00e7\u00e3o verbal e n\u00e3o-verbal, evitando que seu corpo diga uma coisa e suas palavras, outra.<br \/>Vestu\u00e1rio \u00e9 um dos principais componentes da sua imagem pessoal. Mais importante que ter dinheiro para gastar em vestu\u00e1rio \u00e9 ter bom senso e aprender a se vestir corretamente, de um modo que revele o seu estilo e a sua personalidade e de acordo com o contexto para o qual voc\u00ea se veste. Portanto, seguem-se algumas regras b\u00e1sicas em rela\u00e7\u00e3o a vestu\u00e1rio:<\/p>\n<p>&#8211; Formal: Terno e gravata para homens e terninho ou tailleur para mulheres.<\/p>\n<p>&#8211; Casual: Camisas com colarinho e manga longa, com cal\u00e7as de l\u00e3 fria ou gabardine para homens, e twin-sets, camisas ou blusas de seda, com cal\u00e7as ou saias de l\u00e3 fria ou microfibra para mulheres.<\/p>\n<p>&#8211; Esporte: O jeans \u00e9 permitido, mas s\u00f3 o tradicional.<\/p>\n<p>&#8211; Sempre: Fuja de modismos e opte por pe\u00e7as de qualidade e caimento impec\u00e1veis, que proporcionem conforto e eleg\u00e2ncia na medida certa. Mantenha unhas, cabelos e barba bem feitos, refletindo sua higiene e preocupa\u00e7\u00e3o com a apar\u00eancia.<br \/>&#8211; Evite: Roupas que n\u00e3o respeitem o n\u00edvel de formalidade exigido, pe\u00e7as muito velhas, desbotadas ou malcuidadas. As mulheres devem evitar saias e vestidos curtos, blusas de al\u00e7a ou muito decotadas, fendas profundas, brilho e transpar\u00eancias. Tamb\u00e9m devem evitar excessos de maquiagem, de perfume ou de acess\u00f3rios. Homens devem evitar bermudas, cabelos sem corte e barba por fazer.<\/p>\n<p>Seja aut\u00eantico! V\u00e1 al\u00e9m do primeiro encontro. Surpreenda as pessoas e prove que voc\u00ea cumpre o que promete. Aja sempre com \u00e9tica, respeito, confian\u00e7a e credibilidade e muitas portas se abrir\u00e3o a voc\u00ea.<\/p>\n","protected":false},"excerpt":{"rendered":"<p>Na vida profissional, uma boa imagem pessoal \u00e9 capaz de abrir portas, de ajudar a estabelecer confian\u00e7a e de transmitir credibilidade. Contudo, construir uma imagem positiva requer aten\u00e7\u00e3o e conhecimento, especialmente sobre est\u00e9tica, etiqueta, \u00e9tica e relacionamento interpessoal. Observe, no dia-a-dia, o modo como as pessoas que transmitem uma boa imagem pessoal se vestem, se [&hellip;]<\/p>\n","protected":false},"author":96,"featured_media":92003,"comment_status":"closed","ping_status":"closed","sticky":false,"template":"","format":"standard","meta":{"footnotes":""},"categories":[274],"tags":[],"class_list":["post-92004","post","type-post","status-publish","format-standard","has-post-thumbnail","hentry","category-dr-lair-ribeiro"],"_links":{"self":[{"href":"https:\/\/diarioregionaldigital.com.br\/index.php?rest_route=\/wp\/v2\/posts\/92004","targetHints":{"allow":["GET"]}}],"collection":[{"href":"https:\/\/diarioregionaldigital.com.br\/index.php?rest_route=\/wp\/v2\/posts"}],"about":[{"href":"https:\/\/diarioregionaldigital.com.br\/index.php?rest_route=\/wp\/v2\/types\/post"}],"author":[{"embeddable":true,"href":"https:\/\/diarioregionaldigital.com.br\/index.php?rest_route=\/wp\/v2\/users\/96"}],"replies":[{"embeddable":true,"href":"https:\/\/diarioregionaldigital.com.br\/index.php?rest_route=%2Fwp%2Fv2%2Fcomments&post=92004"}],"version-history":[{"count":0,"href":"https:\/\/diarioregionaldigital.com.br\/index.php?rest_route=\/wp\/v2\/posts\/92004\/revisions"}],"wp:featuredmedia":[{"embeddable":true,"href":"https:\/\/diarioregionaldigital.com.br\/index.php?rest_route=\/wp\/v2\/media\/92003"}],"wp:attachment":[{"href":"https:\/\/diarioregionaldigital.com.br\/index.php?rest_route=%2Fwp%2Fv2%2Fmedia&parent=92004"}],"wp:term":[{"taxonomy":"category","embeddable":true,"href":"https:\/\/diarioregionaldigital.com.br\/index.php?rest_route=%2Fwp%2Fv2%2Fcategories&post=92004"},{"taxonomy":"post_tag","embeddable":true,"href":"https:\/\/diarioregionaldigital.com.br\/index.php?rest_route=%2Fwp%2Fv2%2Ftags&post=92004"}],"curies":[{"name":"wp","href":"https:\/\/api.w.org\/{rel}","templated":true}]}}