{"id":91998,"date":"2018-02-16T22:22:56","date_gmt":"2018-02-17T00:22:56","guid":{"rendered":"http:\/\/diarioregionaljf.com.br\/2018\/02\/16\/sindicato-dos-trabalhadores-sttrjf-18-02-18\/"},"modified":"2018-08-13T20:36:47","modified_gmt":"2018-08-13T23:36:47","slug":"sindicato-dos-trabalhadores-sttrjf-18-02-18","status":"publish","type":"post","link":"https:\/\/diarioregionaldigital.com.br\/?p=91998","title":{"rendered":"Sindicato dos Trabalhadores STTRJF 18\/02\/18"},"content":{"rendered":"<p style=\"text-align: center;\"><span class=\"h4\">EDITAL<\/span><br \/>Pelo presente edital de convoca\u00e7\u00e3o, o presidente do SINDICATO DOS TRABALHADORES EM TRANSPORTES RODOVI\u00c1RIOS DE JUIZ DE FORA E REGI\u00c3O, no uso de suas atribui\u00e7\u00f5es legais e estatut\u00e1rias, de acordo com o Art. 23\u00ba, e seus dispositivos, previsto ao Estatuto Social,convocaa todos os trabalhadores do transportes de cargas das empresas de Juiz de Fora e Regi\u00e3o, paraparticipar daAssembl\u00e9ia Geral Ordin\u00e1ria, a se realizar na sede da Entidade Sindical, localizada na Rua Marechal Floriano Peixoto, 526\/204, Centro, no dia 23\/02\/2018, \u00e0s 15:00h, em 1\u00aa convoca\u00e7\u00e3o e, \u00e0s 15:30h, em 2\u00aa. convoca\u00e7\u00e3o com qualquer n\u00famero de participantes,para tratar da seguinte ordem do dia: 1) leitura do presente edital,2) leitura da ATA da AGE anterior,3) Presta\u00e7\u00e3o de contas do ano de 2017,4) Encerramento.S\u00f3 ser\u00e1 permitido adentrar ao recinto da realiza\u00e7\u00e3o da assembl\u00e9ia geral, os trabalhadores que comprovarem, mediante apresenta\u00e7\u00e3o de crach\u00e1 funcional ou CTPS, que pertencem \u00e0 base territorial abrangida pelos rodovi\u00e1rios convocados para esta assembl\u00e9ia. Juiz de Fora, 16 de Fevereiro de 2018.EDNO WILSON DE JESUS \u2013 Presidente.<\/p>\n","protected":false},"excerpt":{"rendered":"<p>EDITALPelo presente edital de convoca\u00e7\u00e3o, o presidente do SINDICATO DOS TRABALHADORES EM TRANSPORTES RODOVI\u00c1RIOS DE JUIZ DE FORA E REGI\u00c3O, no uso de suas atribui\u00e7\u00f5es legais e estatut\u00e1rias, de acordo com o Art. 23\u00ba, e seus dispositivos, previsto ao Estatuto Social,convocaa todos os trabalhadores do transportes de cargas das empresas de Juiz de Fora e [&hellip;]<\/p>\n","protected":false},"author":96,"featured_media":0,"comment_status":"closed","ping_status":"closed","sticky":false,"template":"","format":"standard","meta":{"footnotes":""},"categories":[307],"tags":[],"class_list":["post-91998","post","type-post","status-publish","format-standard","hentry","category-editais"],"_links":{"self":[{"href":"https:\/\/diarioregionaldigital.com.br\/index.php?rest_route=\/wp\/v2\/posts\/91998","targetHints":{"allow":["GET"]}}],"collection":[{"href":"https:\/\/diarioregionaldigital.com.br\/index.php?rest_route=\/wp\/v2\/posts"}],"about":[{"href":"https:\/\/diarioregionaldigital.com.br\/index.php?rest_route=\/wp\/v2\/types\/post"}],"author":[{"embeddable":true,"href":"https:\/\/diarioregionaldigital.com.br\/index.php?rest_route=\/wp\/v2\/users\/96"}],"replies":[{"embeddable":true,"href":"https:\/\/diarioregionaldigital.com.br\/index.php?rest_route=%2Fwp%2Fv2%2Fcomments&post=91998"}],"version-history":[{"count":0,"href":"https:\/\/diarioregionaldigital.com.br\/index.php?rest_route=\/wp\/v2\/posts\/91998\/revisions"}],"wp:attachment":[{"href":"https:\/\/diarioregionaldigital.com.br\/index.php?rest_route=%2Fwp%2Fv2%2Fmedia&parent=91998"}],"wp:term":[{"taxonomy":"category","embeddable":true,"href":"https:\/\/diarioregionaldigital.com.br\/index.php?rest_route=%2Fwp%2Fv2%2Fcategories&post=91998"},{"taxonomy":"post_tag","embeddable":true,"href":"https:\/\/diarioregionaldigital.com.br\/index.php?rest_route=%2Fwp%2Fv2%2Ftags&post=91998"}],"curies":[{"name":"wp","href":"https:\/\/api.w.org\/{rel}","templated":true}]}}