{"id":91996,"date":"2018-02-16T22:19:47","date_gmt":"2018-02-17T00:19:47","guid":{"rendered":"http:\/\/diarioregionaljf.com.br\/2018\/02\/16\/cartorio-paula-lima-18-02-18\/"},"modified":"2018-08-13T20:36:18","modified_gmt":"2018-08-13T23:36:18","slug":"cartorio-paula-lima-18-02-18","status":"publish","type":"post","link":"https:\/\/diarioregionaldigital.com.br\/?p=91996","title":{"rendered":"Cart\u00f3rio Paula Lima 18\/02\/18"},"content":{"rendered":"<p class=\"h4\" style=\"text-align: center;\">Of\u00edcio do 4\u00b0 Registro Civil das Pessoas Naturais de Juiz de Fora<br \/>Oficial: Marco-Aur\u00e9lio Esteves Vasconcellos<br \/>Rua Sebasti\u00e3o Ribeiro de Novais, n\u00b0 20, loja 02, Paula Lima &#8211; Cep.: 36.103-000<br \/>Telefones: (32) 3266-9213 e (32) 9904-4642<\/p>\n<p>Faz saber que pretendem casar-se:<\/p>\n<p>JOS\u00c9 PAULINO DA SILVA, divorciado, Aposentado e MARIA DE LOURDES DE SOUZA, vi\u00fava, Do lar, residentes no(a) Rua Jos\u00e9 Leite Oliveira, 64, Paula Lima, Juiz de Fora &#8211; MG.<\/p>\n<p>Os contraentes apresentaram os documentos exigidos pelo art. 1525 do C\u00f3digo Civil Brasileiro. Se algu\u00e9m souber de algum impedimento, que os impe\u00e7am de se casar, acuse-o para os fins de direito.<\/p>\n<p>Juiz de Fora &#8211; MG, 16 de fevereiro de 2018.<\/p>\n","protected":false},"excerpt":{"rendered":"<p>Of\u00edcio do 4\u00b0 Registro Civil das Pessoas Naturais de Juiz de ForaOficial: Marco-Aur\u00e9lio Esteves VasconcellosRua Sebasti\u00e3o Ribeiro de Novais, n\u00b0 20, loja 02, Paula Lima &#8211; Cep.: 36.103-000Telefones: (32) 3266-9213 e (32) 9904-4642 Faz saber que pretendem casar-se: JOS\u00c9 PAULINO DA SILVA, divorciado, Aposentado e MARIA DE LOURDES DE SOUZA, vi\u00fava, Do lar, residentes no(a) [&hellip;]<\/p>\n","protected":false},"author":96,"featured_media":0,"comment_status":"closed","ping_status":"closed","sticky":false,"template":"","format":"standard","meta":{"footnotes":""},"categories":[307],"tags":[],"class_list":["post-91996","post","type-post","status-publish","format-standard","hentry","category-editais"],"_links":{"self":[{"href":"https:\/\/diarioregionaldigital.com.br\/index.php?rest_route=\/wp\/v2\/posts\/91996","targetHints":{"allow":["GET"]}}],"collection":[{"href":"https:\/\/diarioregionaldigital.com.br\/index.php?rest_route=\/wp\/v2\/posts"}],"about":[{"href":"https:\/\/diarioregionaldigital.com.br\/index.php?rest_route=\/wp\/v2\/types\/post"}],"author":[{"embeddable":true,"href":"https:\/\/diarioregionaldigital.com.br\/index.php?rest_route=\/wp\/v2\/users\/96"}],"replies":[{"embeddable":true,"href":"https:\/\/diarioregionaldigital.com.br\/index.php?rest_route=%2Fwp%2Fv2%2Fcomments&post=91996"}],"version-history":[{"count":0,"href":"https:\/\/diarioregionaldigital.com.br\/index.php?rest_route=\/wp\/v2\/posts\/91996\/revisions"}],"wp:attachment":[{"href":"https:\/\/diarioregionaldigital.com.br\/index.php?rest_route=%2Fwp%2Fv2%2Fmedia&parent=91996"}],"wp:term":[{"taxonomy":"category","embeddable":true,"href":"https:\/\/diarioregionaldigital.com.br\/index.php?rest_route=%2Fwp%2Fv2%2Fcategories&post=91996"},{"taxonomy":"post_tag","embeddable":true,"href":"https:\/\/diarioregionaldigital.com.br\/index.php?rest_route=%2Fwp%2Fv2%2Ftags&post=91996"}],"curies":[{"name":"wp","href":"https:\/\/api.w.org\/{rel}","templated":true}]}}