{"id":91995,"date":"2018-02-16T22:18:34","date_gmt":"2018-02-17T00:18:34","guid":{"rendered":"http:\/\/diarioregionaljf.com.br\/2018\/02\/16\/amac-18-02-18\/"},"modified":"2018-08-13T20:36:18","modified_gmt":"2018-08-13T23:36:18","slug":"amac-18-02-18","status":"publish","type":"post","link":"https:\/\/diarioregionaldigital.com.br\/?p=91995","title":{"rendered":"AMAC 18\/02\/18"},"content":{"rendered":"<p class=\"h4\" style=\"text-align: center;\">EDITAL DE CONVOCA\u00c7\u00c3O<\/p>\n<p class=\"h4\" style=\"text-align: center;\">ASSEMBL\u00c9IA GERAL EXTRAORDIN\u00c1RIA<\/p>\n<p style=\"text-align: center;\">Pelo presente, ficam convocados os senhores s\u00f3cios da Associa\u00e7\u00e3o Municipal de Apoio Comunit\u00e1rio &#8211; AMAC, que preenchem os requisitos expressos no art. 12 do Estatuto da Associa\u00e7\u00e3o que reza: \u201cart. 12 \u2013 somente poder\u00e3o votar e serem votados nas assembleias os associados contribuintes que estiverem quites com suas contribui\u00e7\u00f5es, 30 (trinta) dias de anteced\u00eancia da assembleia e por per\u00edodo consecutivo de no m\u00ednimo 180 (cento e oitenta) dias\u201d, em acatamento aos artigos 24, al\u00ednea \u201cb\u201d, 26, I, 28, 29 e 36 do Estatuto, bem como, seguindo as determina\u00e7\u00f5es da Assembleia realizada no dia 02 de fevereiro de 2018, para a Assembleia Geral Extraordin\u00e1ria, a ser realizada no audit\u00f3rio do Centro de Conviv\u00eancia D. It\u00e1lia Franco, localizado na Rua Esp\u00edrito Santo, n\u00ba 434, Centro, no dia 01 de mar\u00e7o de 2018, \u00e0s 8h30min. (oito horas e trinta minutos) em primeira convoca\u00e7\u00e3o, que deliberar\u00e1 com a presen\u00e7a de 2\/3 (dois ter\u00e7os) de seus membros, ou \u00e0s 9h. (nove horas), em segunda e \u00faltima convoca\u00e7\u00e3o, com qualquer n\u00famero de associados. A rela\u00e7\u00e3o dos s\u00f3cios aptos a votar ser\u00e1 disponibilizada na sede e no site da AMAC.<\/p>\n<p style=\"text-align: center;\">A Assembleia deliberar\u00e1 sobre a seguinte Ordem do Dia:<\/p>\n<p style=\"text-align: center;\">&#8211; Elei\u00e7\u00e3o e posse da Diretoria e do Conselho Fiscal da AMAC, para um mandato de 04 (quatro) anos, de 01\/03\/2018 a 01\/03\/2022.<\/p>\n<p style=\"text-align: center;\">Juiz de Fora, 17 de fevereiro de 2018.<\/p>\n<p class=\"h5\" style=\"text-align: center;\">Jo\u00e3o Batista da Silva &#8211; Diretor Presidente da AMAC<\/p>\n","protected":false},"excerpt":{"rendered":"<p>EDITAL DE CONVOCA\u00c7\u00c3O ASSEMBL\u00c9IA GERAL EXTRAORDIN\u00c1RIA Pelo presente, ficam convocados os senhores s\u00f3cios da Associa\u00e7\u00e3o Municipal de Apoio Comunit\u00e1rio &#8211; AMAC, que preenchem os requisitos expressos no art. 12 do Estatuto da Associa\u00e7\u00e3o que reza: \u201cart. 12 \u2013 somente poder\u00e3o votar e serem votados nas assembleias os associados contribuintes que estiverem quites com suas contribui\u00e7\u00f5es, [&hellip;]<\/p>\n","protected":false},"author":96,"featured_media":0,"comment_status":"closed","ping_status":"closed","sticky":false,"template":"","format":"standard","meta":{"footnotes":""},"categories":[307],"tags":[],"class_list":["post-91995","post","type-post","status-publish","format-standard","hentry","category-editais"],"_links":{"self":[{"href":"https:\/\/diarioregionaldigital.com.br\/index.php?rest_route=\/wp\/v2\/posts\/91995","targetHints":{"allow":["GET"]}}],"collection":[{"href":"https:\/\/diarioregionaldigital.com.br\/index.php?rest_route=\/wp\/v2\/posts"}],"about":[{"href":"https:\/\/diarioregionaldigital.com.br\/index.php?rest_route=\/wp\/v2\/types\/post"}],"author":[{"embeddable":true,"href":"https:\/\/diarioregionaldigital.com.br\/index.php?rest_route=\/wp\/v2\/users\/96"}],"replies":[{"embeddable":true,"href":"https:\/\/diarioregionaldigital.com.br\/index.php?rest_route=%2Fwp%2Fv2%2Fcomments&post=91995"}],"version-history":[{"count":0,"href":"https:\/\/diarioregionaldigital.com.br\/index.php?rest_route=\/wp\/v2\/posts\/91995\/revisions"}],"wp:attachment":[{"href":"https:\/\/diarioregionaldigital.com.br\/index.php?rest_route=%2Fwp%2Fv2%2Fmedia&parent=91995"}],"wp:term":[{"taxonomy":"category","embeddable":true,"href":"https:\/\/diarioregionaldigital.com.br\/index.php?rest_route=%2Fwp%2Fv2%2Fcategories&post=91995"},{"taxonomy":"post_tag","embeddable":true,"href":"https:\/\/diarioregionaldigital.com.br\/index.php?rest_route=%2Fwp%2Fv2%2Ftags&post=91995"}],"curies":[{"name":"wp","href":"https:\/\/api.w.org\/{rel}","templated":true}]}}