{"id":91993,"date":"2018-02-16T22:16:07","date_gmt":"2018-02-17T00:16:07","guid":{"rendered":"http:\/\/diarioregionaljf.com.br\/2018\/02\/16\/sucesso-13\/"},"modified":"2018-02-16T22:16:07","modified_gmt":"2018-02-17T00:16:07","slug":"sucesso-13","status":"publish","type":"post","link":"https:\/\/diarioregionaldigital.com.br\/?p=91993","title":{"rendered":"Sucesso"},"content":{"rendered":"<p style=\"text-align: center;\"><span class=\"h4\">Arte Total<\/span><br \/>A Galeria de Arte do Forum da Cultura da UFJF est\u00e1 em cartaz com a mostra \u201cMascarada\u201d. S\u00e3o 26 pe\u00e7as de v\u00e1rios materiais com o objetivo de mostrar tr\u00eas vertentes do uso da m\u00e1scara: industrial, est\u00e9tica e cultural. A exposi\u00e7\u00e3o que fica at\u00e9 dia 2 de mar\u00e7o, mostra m\u00e1scaras dos populares \u201cpapangu\u201d moldadas em barro coberto com jornal e grude e outras vari\u00e1veis.<\/p>\n<p style=\"text-align: center;\"><span class=\"h4\">Sucesso<\/span><br \/>A egressa do curso de Tecnologia em Design de Moda do CES\/JF, Mariana Ferreira, teve uma de suas cria\u00e7\u00f5es na Feira de Moda Premi\u00e9re Vision. A participa\u00e7\u00e3o foi poss\u00edvel gra\u00e7as a uma parceria do curso com a Ind\u00fastria T\u00eaxtil Brit\u00e2nnia, localizada em Barbacena, e conhecida pela excel\u00eancia de suas tramas exclusivas. A Feira de Moda Premi\u00e9re Vision aconteceu de 13 a 15 de fevereiro, em Paris.<\/p>\n<p style=\"text-align: center;\"><span class=\"h4\">Oito D\u00e9cadas<\/span><br \/>H\u00e1 mais de oito d\u00e9cadas fazendo Minas Crescer, no dia 12 de fevereiro, a FIEMG completou 85 anos de uma trajet\u00f3ria iniciada em 1933, quando um grupo de industriais mineiros arrega\u00e7ou as mangas para criar a primeira entidade de classe com abrang\u00eancia estadual em defesa do desenvolvimento do setor. A hist\u00f3ria da FIEMG \u00e9 marcada por grandes desafios em Minas Gerais.<\/p>\n<p style=\"text-align: center;\"><span class=\"h4\">Em Cena<\/span><br \/>A Anvisa est\u00e1 preocupada com a press\u00e3o da ind\u00fastria e de ONGs pelo novo padr\u00e3o de rotulagem de alimentos e bebidas. T\u00e9cnicos temem que seja adotado um modelo paternalista, que \u201ccriminalize\u201d alimentos, com risco de banaliza\u00e7\u00e3o, como ocorre com a tarja vermelha em medicamentos \u2013 farm\u00e1cias n\u00e3o cobram a receita m\u00e9dica. Acham que o processo \u00e9, sim, longo, mas alertam que o setor \u00e9 gigantesco e as decis\u00f5es devem ser eficientes.<\/p>\n<p style=\"text-align: center;\"><span class=\"h4\">Na Europa<\/span><br \/>Enquanto Tarsila do Amaral ganha exposi\u00e7\u00e3o no MoMA, outro modernista, este de segunda gera\u00e7\u00e3o, tem sua retrospectiva na Europa. Ser\u00e1 inaugurada hoje a exposi\u00e7\u00e3o \u201cAlfredo Volpi \u2013 La po\u00e9tique de la couleur\u201d. O local ser\u00e1 no Nouveau Muse\u00e9 National de M\u00f4naco, com mais de 70 obras do artista \u00edtalo-brasileiro, um dos nomes mais valorizados do mercado nacional.<\/p>\n<p style=\"text-align: center;\"><img decoding=\"async\" class=\" size-full wp-image-91984\" src=\"http:\/\/diarioregionaljf.com.br\/wp-content\/uploads\/2018\/02\/diario-int-24212-1.jpg\" alt=\"fotoa.jpg\" width=\"680\" style=\"display: block; margin-left: auto; margin-right: auto;\" srcset=\"https:\/\/diarioregionaldigital.com.br\/wp-content\/uploads\/2018\/02\/diario-int-24212-1.jpg 680w, https:\/\/diarioregionaldigital.com.br\/wp-content\/uploads\/2018\/02\/diario-int-24212-1-300x199.jpg 300w, https:\/\/diarioregionaldigital.com.br\/wp-content\/uploads\/2018\/02\/diario-int-24212-1-360x238.jpg 360w\" sizes=\"(max-width: 680px) 100vw, 680px\" \/>Em sua formatura em Odontologia no Terrazzo, a bela Giovanna Caruso ladeada de Adeir Moreira Caruso e Raffaela Caruso Moreira<\/p>\n<p style=\"text-align: center;\"><img decoding=\"async\" class=\" size-full wp-image-91985\" src=\"http:\/\/diarioregionaljf.com.br\/wp-content\/uploads\/2018\/02\/diario-int-24212-2.jpg\" alt=\"fotoaa.jpg\" width=\"680\" style=\"display: block; margin-left: auto; margin-right: auto;\" srcset=\"https:\/\/diarioregionaldigital.com.br\/wp-content\/uploads\/2018\/02\/diario-int-24212-2.jpg 680w, https:\/\/diarioregionaldigital.com.br\/wp-content\/uploads\/2018\/02\/diario-int-24212-2-300x221.jpg 300w, https:\/\/diarioregionaldigital.com.br\/wp-content\/uploads\/2018\/02\/diario-int-24212-2-360x265.jpg 360w\" sizes=\"(max-width: 680px) 100vw, 680px\" \/>A modelo do ano Yasmin Marinho e o top fot\u00f3grafo Felipe Bolpato, em cena para tudo<\/p>\n<p style=\"text-align: center;\"><img decoding=\"async\" class=\" size-full wp-image-91986\" src=\"http:\/\/diarioregionaljf.com.br\/wp-content\/uploads\/2018\/02\/diario-int-24212-3.jpg\" alt=\"fotobb.jpg\" width=\"680\" style=\"display: block; margin-left: auto; margin-right: auto;\" srcset=\"https:\/\/diarioregionaldigital.com.br\/wp-content\/uploads\/2018\/02\/diario-int-24212-3.jpg 680w, https:\/\/diarioregionaldigital.com.br\/wp-content\/uploads\/2018\/02\/diario-int-24212-3-266x300.jpg 266w, https:\/\/diarioregionaldigital.com.br\/wp-content\/uploads\/2018\/02\/diario-int-24212-3-360x407.jpg 360w\" sizes=\"(max-width: 680px) 100vw, 680px\" \/>A divina Sheyla Ver\u00edssimo nossa eterna Miss Brasil Gay, no baile de Gala do Copacabana Palace<\/p>\n<p style=\"text-align: center;\"><img decoding=\"async\" class=\" size-full wp-image-91987\" src=\"http:\/\/diarioregionaljf.com.br\/wp-content\/uploads\/2018\/02\/diario-int-24212-4.jpg\" alt=\"fotocc.jpg\" width=\"680\" style=\"display: block; margin-left: auto; margin-right: auto;\" srcset=\"https:\/\/diarioregionaldigital.com.br\/wp-content\/uploads\/2018\/02\/diario-int-24212-4.jpg 680w, https:\/\/diarioregionaldigital.com.br\/wp-content\/uploads\/2018\/02\/diario-int-24212-4-300x286.jpg 300w, https:\/\/diarioregionaldigital.com.br\/wp-content\/uploads\/2018\/02\/diario-int-24212-4-360x343.jpg 360w\" sizes=\"(max-width: 680px) 100vw, 680px\" \/>Em destaque, Lucas de Alc\u00e2ntara em sua formatura em Direito pelo Vianna Junior<\/p>\n<p style=\"text-align: center;\"><img decoding=\"async\" class=\" size-full wp-image-91988\" src=\"http:\/\/diarioregionaljf.com.br\/wp-content\/uploads\/2018\/02\/diario-int-24212-5.jpg\" alt=\"fotod.jpg\" width=\"680\" style=\"display: block; margin-left: auto; margin-right: auto;\" srcset=\"https:\/\/diarioregionaldigital.com.br\/wp-content\/uploads\/2018\/02\/diario-int-24212-5.jpg 680w, https:\/\/diarioregionaldigital.com.br\/wp-content\/uploads\/2018\/02\/diario-int-24212-5-300x199.jpg 300w, https:\/\/diarioregionaldigital.com.br\/wp-content\/uploads\/2018\/02\/diario-int-24212-5-360x238.jpg 360w\" sizes=\"(max-width: 680px) 100vw, 680px\" \/>Na balada da noite juiz-forana, os belos Ca\u00edque Braga e Hugo Moreira<\/p>\n<p style=\"text-align: center;\"><img decoding=\"async\" class=\" size-full wp-image-91989\" src=\"http:\/\/diarioregionaljf.com.br\/wp-content\/uploads\/2018\/02\/diario-int-24212-6.jpg\" alt=\"fotoe.jpg\" width=\"680\" style=\"display: block; margin-left: auto; margin-right: auto;\" srcset=\"https:\/\/diarioregionaldigital.com.br\/wp-content\/uploads\/2018\/02\/diario-int-24212-6.jpg 680w, https:\/\/diarioregionaldigital.com.br\/wp-content\/uploads\/2018\/02\/diario-int-24212-6-300x199.jpg 300w, https:\/\/diarioregionaldigital.com.br\/wp-content\/uploads\/2018\/02\/diario-int-24212-6-360x238.jpg 360w\" sizes=\"(max-width: 680px) 100vw, 680px\" \/>Na balad\u00edssima Danceteria Danke Club, Vitin, Capute, Tatah F\u00e1vero, Mariana Ghedin e Moa Siqueira<\/p>\n<p style=\"text-align: center;\"><img decoding=\"async\" class=\" size-full wp-image-91990\" src=\"http:\/\/diarioregionaljf.com.br\/wp-content\/uploads\/2018\/02\/diario-int-24212-7.jpg\" alt=\"fotog.jpg\" width=\"680\" style=\"display: block; margin-left: auto; margin-right: auto;\" srcset=\"https:\/\/diarioregionaldigital.com.br\/wp-content\/uploads\/2018\/02\/diario-int-24212-7.jpg 680w, https:\/\/diarioregionaldigital.com.br\/wp-content\/uploads\/2018\/02\/diario-int-24212-7-300x199.jpg 300w, https:\/\/diarioregionaldigital.com.br\/wp-content\/uploads\/2018\/02\/diario-int-24212-7-360x238.jpg 360w\" sizes=\"(max-width: 680px) 100vw, 680px\" \/>Mulheres lindas no Bufalo Bill, Carol Rocha, Ana Paula Magalh\u00e3es, Fran Carvalho, Graciela Granato e Ana Beatriz Xavier<\/p>\n<p style=\"text-align: center;\"><img decoding=\"async\" class=\" size-full wp-image-91991\" src=\"http:\/\/diarioregionaljf.com.br\/wp-content\/uploads\/2018\/02\/diario-int-24212-8.jpg\" alt=\"fotoh.jpg\" width=\"680\" style=\"display: block; margin-left: auto; margin-right: auto;\" srcset=\"https:\/\/diarioregionaldigital.com.br\/wp-content\/uploads\/2018\/02\/diario-int-24212-8.jpg 680w, https:\/\/diarioregionaldigital.com.br\/wp-content\/uploads\/2018\/02\/diario-int-24212-8-300x199.jpg 300w, https:\/\/diarioregionaldigital.com.br\/wp-content\/uploads\/2018\/02\/diario-int-24212-8-360x238.jpg 360w\" sizes=\"(max-width: 680px) 100vw, 680px\" \/>L\u00edderes do Buffalo Bill \u2013 Container Grill, os empres\u00e1rios Alexander Alfradique e Arthur Loures<\/p>\n<p style=\"text-align: center;\"><img decoding=\"async\" class=\" size-full wp-image-91992\" src=\"http:\/\/diarioregionaljf.com.br\/wp-content\/uploads\/2018\/02\/diario-int-24212-9.jpg\" alt=\"fotoi.jpg\" width=\"680\" style=\"display: block; margin-left: auto; margin-right: auto;\" srcset=\"https:\/\/diarioregionaldigital.com.br\/wp-content\/uploads\/2018\/02\/diario-int-24212-9.jpg 680w, https:\/\/diarioregionaldigital.com.br\/wp-content\/uploads\/2018\/02\/diario-int-24212-9-300x199.jpg 300w, https:\/\/diarioregionaldigital.com.br\/wp-content\/uploads\/2018\/02\/diario-int-24212-9-360x238.jpg 360w\" sizes=\"(max-width: 680px) 100vw, 680px\" \/>Informalmente em tarde de ver\u00e3o no Alto dos Passos, o charme de Wellerson Guedes<\/p>\n<p class=\"h4\" style=\"text-align: center;\">FOTOSS\u00cdNTESE<\/p>\n<p>Contabilizando mais uma vit\u00f3ria, o Hospital Monte Sinai recebeu, pelo terceiro ciclo consecutivo, a certifica\u00e7\u00e3o \u201cNational Integrated Accreditation for Heathcare Organizations\u201d.<\/p>\n<p>Circulando pelo Independ\u00eancia Shopping em ritmo de compras, as elegantes Maria L\u00facia Saraiva e Denise Salom\u00e3o.<\/p>\n<p>Muita gente chorosa sentiu muito o encerramento da Escola de Dan\u00e7a Misailidis em Juiz de Fora. Este colunista acompanhou a trajet\u00f3ria dos propriet\u00e1rios Dani Marie e Marcelo Misailidis e rende todos os aplausos para o casal e toda equipe da estrelada escola de bal\u00e9.<\/p>\n<p>Manifesta\u00e7\u00e3o prevista para o dia 22, coloca em foco os servi\u00e7os de assist\u00eancia prestados por Organiza\u00e7\u00f5es da Sociedade Civil (OSCs), mantidos com recursos repassados pela Prefeitura. A paralisa\u00e7\u00e3o \u00e9 um protesto contra a pol\u00eamica envolvendo os 16 editais de chamamento p\u00fablico para sele\u00e7\u00e3o OSCs.<\/p>\n<p>A UFJF j\u00e1 divulgou o resultado final do m\u00f3dulo III do Programa de Ingresso Seletivo (PISM) 2018.<\/p>\n<p>Muitos queridos na sociedade local, Nelson Kiffer e Marisa festejaram com amigos e familiares Bodas de Ouro, com missa na Capela Senhor dos Passos (Santa Casa) e almo\u00e7o na Fazendinha dos Moraes, em Goian\u00e1.<\/p>\n<p>O fot\u00f3grafo carioca Ca\u00edque Cunha est\u00e1 expondo no Espa\u00e7o Cultural Correios, a mostra \u201cWilliamsburg: paisagem em transforma\u00e7\u00e3o\u201d. As imagens s\u00e3o em preto e branco.<\/p>\n<p>Em boa hora, o Conselho Central Diocesano lan\u00e7ou a campanha P\u00e1scoa Solid\u00e1ria, para arrecadar barras de chocolate de um quilo. As doa\u00e7\u00f5es podem ser feitas at\u00e9 dia 9 de mar\u00e7o.<\/p>\n<p>O professor Jorge Perrout est\u00e1 com tudo e n\u00e3o est\u00e1 prosa. Treinador da equipe Imperadores\/CRIA.UFJF foi convocado para t\u00e9cnico da Sele\u00e7\u00e3o Brasileira de Atletismo.<\/p>\n<p>A elegante M\u00f4nica Baldi t\u00e1 rindo \u00e0 toa. J\u00e1 \u00e9 vov\u00f3 de Joaquim que nasceu super robusto e \u00e9 filho de Maria Alice e Pedro Baldi, que moram em S\u00e3o Paulo. Viva!!!<\/p>\n<p>Vem a\u00ed Ciclo de Alfabetiza\u00e7\u00e3o e Cultura no N\u00facleo Travessia Vila Olavo Costa.<\/p>\n<p>Para canalizar: Quem tudo quer, tudo perde. Bom dia.<\/p>\n","protected":false},"excerpt":{"rendered":"<p>Arte TotalA Galeria de Arte do Forum da Cultura da UFJF est\u00e1 em cartaz com a mostra \u201cMascarada\u201d. S\u00e3o 26 pe\u00e7as de v\u00e1rios materiais com o objetivo de mostrar tr\u00eas vertentes do uso da m\u00e1scara: industrial, est\u00e9tica e cultural. A exposi\u00e7\u00e3o que fica at\u00e9 dia 2 de mar\u00e7o, mostra m\u00e1scaras dos populares \u201cpapangu\u201d moldadas em [&hellip;]<\/p>\n","protected":false},"author":96,"featured_media":91983,"comment_status":"closed","ping_status":"closed","sticky":false,"template":"","format":"standard","meta":{"footnotes":""},"categories":[264],"tags":[],"class_list":["post-91993","post","type-post","status-publish","format-standard","has-post-thumbnail","hentry","category-eduardo-gomes"],"_links":{"self":[{"href":"https:\/\/diarioregionaldigital.com.br\/index.php?rest_route=\/wp\/v2\/posts\/91993","targetHints":{"allow":["GET"]}}],"collection":[{"href":"https:\/\/diarioregionaldigital.com.br\/index.php?rest_route=\/wp\/v2\/posts"}],"about":[{"href":"https:\/\/diarioregionaldigital.com.br\/index.php?rest_route=\/wp\/v2\/types\/post"}],"author":[{"embeddable":true,"href":"https:\/\/diarioregionaldigital.com.br\/index.php?rest_route=\/wp\/v2\/users\/96"}],"replies":[{"embeddable":true,"href":"https:\/\/diarioregionaldigital.com.br\/index.php?rest_route=%2Fwp%2Fv2%2Fcomments&post=91993"}],"version-history":[{"count":0,"href":"https:\/\/diarioregionaldigital.com.br\/index.php?rest_route=\/wp\/v2\/posts\/91993\/revisions"}],"wp:featuredmedia":[{"embeddable":true,"href":"https:\/\/diarioregionaldigital.com.br\/index.php?rest_route=\/wp\/v2\/media\/91983"}],"wp:attachment":[{"href":"https:\/\/diarioregionaldigital.com.br\/index.php?rest_route=%2Fwp%2Fv2%2Fmedia&parent=91993"}],"wp:term":[{"taxonomy":"category","embeddable":true,"href":"https:\/\/diarioregionaldigital.com.br\/index.php?rest_route=%2Fwp%2Fv2%2Fcategories&post=91993"},{"taxonomy":"post_tag","embeddable":true,"href":"https:\/\/diarioregionaldigital.com.br\/index.php?rest_route=%2Fwp%2Fv2%2Ftags&post=91993"}],"curies":[{"name":"wp","href":"https:\/\/api.w.org\/{rel}","templated":true}]}}